{"id":26774,"date":"2024-11-29T10:46:43","date_gmt":"2024-11-29T15:46:43","guid":{"rendered":"https:\/\/sacramentoqr.com\/?p=26774"},"modified":"2024-11-29T15:46:44","modified_gmt":"2024-11-29T15:46:44","slug":"inicia-rehabilitacion-de-casa-veracruz-sera-utilizada-en-proxima-administracion","status":"publish","type":"post","link":"https:\/\/sacramentoqr.com\/?p=26774","title":{"rendered":"Inicia rehabilitaci\u00f3n de Casa Veracruz; ser\u00e1 utilizada en pr\u00f3xima administraci\u00f3n"},"content":{"rendered":"<p>\ud83d\udd38 La gobernadora electa, Roc\u00edo Nahle Garc\u00eda, afirm\u00f3 que Casa Veracruz ser\u00e1 utilizada durante su administraci\u00f3n a partir del 01 de diciembre.<\/p>\n<p>#VERACRUZ | En una breve entrevista con los medios de comunicaci\u00f3n, lgobernadora electa, Roc\u00edo Nahle Garc\u00eda, expuso que ya iniciaron los trabajos de rehabilitaci\u00f3n en Casa Veracruz para darle un mayor uso durante su administraci\u00f3n.<\/p>\n<p>\u201cS\u00ed, lista(\u2026) As\u00ed es ya nada m\u00e1s vamos a acompa\u00f1ar a nuestro alcalde en su \u00faltimo informe. Si vamos a empezar ah\u00ed a arreglar. Estoy muy contenta\u201d.<\/p>\n<p>Durante la administraci\u00f3n del gobernador Cuitl\u00e1huac Garc\u00eda Jim\u00e9nez, solo se hizo uso de Casa Veracruz para algunas reuniones y eventos especiales, pero no fue de uso habitacional como deber\u00eda ser para cada gobernador.<\/p>\n<p>Cabe mencionar que el pr\u00f3ximo domingo 01 de diciembre a las 11:00 horas, la Gobernadora Roc\u00edo Nahle, rendir\u00e1 protesta ante el Congreso del Estado en compa\u00f1\u00eda de la presidenta de la Rep\u00fablica, Claudia Sheinbaum Pardo, as\u00ed como de gobernadores, diputados locales, federales e invitados especiales, posteriormente dar\u00e1 un mensaje a la ciudadan\u00eda en la Plaza Lerdo de la capital veracruzana a las 13:00 horas.<\/p>\n","protected":false},"excerpt":{"rendered":"<p>\ud83d\udd38 La gobernadora electa, Roc\u00edo Nahle Garc\u00eda, afirm\u00f3 que Casa Veracruz ser\u00e1 utilizada durante su&#8230;<\/p>\n","protected":false},"author":1,"featured_media":26776,"comment_status":"open","ping_status":"closed","sticky":false,"template":"","format":"standard","meta":{"footnotes":""},"categories":[36],"tags":[],"class_list":["post-26774","post","type-post","status-publish","format-standard","has-post-thumbnail","hentry","category-veracruz"],"_links":{"self":[{"href":"https:\/\/sacramentoqr.com\/index.php?rest_route=\/wp\/v2\/posts\/26774","targetHints":{"allow":["GET"]}}],"collection":[{"href":"https:\/\/sacramentoqr.com\/index.php?rest_route=\/wp\/v2\/posts"}],"about":[{"href":"https:\/\/sacramentoqr.com\/index.php?rest_route=\/wp\/v2\/types\/post"}],"author":[{"embeddable":true,"href":"https:\/\/sacramentoqr.com\/index.php?rest_route=\/wp\/v2\/users\/1"}],"replies":[{"embeddable":true,"href":"https:\/\/sacramentoqr.com\/index.php?rest_route=%2Fwp%2Fv2%2Fcomments&post=26774"}],"version-history":[{"count":1,"href":"https:\/\/sacramentoqr.com\/index.php?rest_route=\/wp\/v2\/posts\/26774\/revisions"}],"predecessor-version":[{"id":26775,"href":"https:\/\/sacramentoqr.com\/index.php?rest_route=\/wp\/v2\/posts\/26774\/revisions\/26775"}],"wp:featuredmedia":[{"embeddable":true,"href":"https:\/\/sacramentoqr.com\/index.php?rest_route=\/wp\/v2\/media\/26776"}],"wp:attachment":[{"href":"https:\/\/sacramentoqr.com\/index.php?rest_route=%2Fwp%2Fv2%2Fmedia&parent=26774"}],"wp:term":[{"taxonomy":"category","embeddable":true,"href":"https:\/\/sacramentoqr.com\/index.php?rest_route=%2Fwp%2Fv2%2Fcategories&post=26774"},{"taxonomy":"post_tag","embeddable":true,"href":"https:\/\/sacramentoqr.com\/index.php?rest_route=%2Fwp%2Fv2%2Ftags&post=26774"}],"curies":[{"name":"wp","href":"https:\/\/api.w.org\/{rel}","templated":true}]}}