{"id":26780,"date":"2024-11-29T11:30:58","date_gmt":"2024-11-29T16:30:58","guid":{"rendered":"https:\/\/sacramentoqr.com\/?p=26780"},"modified":"2024-11-29T16:31:00","modified_gmt":"2024-11-29T16:31:00","slug":"ricardo-monreal-se-compromete-a-retomar-el-dialogo-para-la-reduccion-de-la-jornada-laboral-a-40-horas-semanales","status":"publish","type":"post","link":"https:\/\/sacramentoqr.com\/?p=26780","title":{"rendered":"Ricardo Monreal se compromete a retomar el di\u00e1logo para la reducci\u00f3n de la jornada laboral a 40 horas semanales"},"content":{"rendered":"<p>\ud83d\udd38 Los trabajos comenzar\u00e1n el pr\u00f3ximo lunes, con la esperanza de que la propuesta se convierta en una realidad<\/p>\n<p>#CDMX | Tras 52 horas de huelga de hambre, la activista y abogada Mar\u00eda Luisa Lu\u00e9vano levant\u00f3 su protesta frente a la C\u00e1mara de Diputados luego de una reuni\u00f3n con el coordinador del Grupo Parlamentario de Morena, Ricardo Monreal. La abogada de 31 a\u00f1os hab\u00eda iniciado su huelga el martes en demanda de que se retome el dictamen sobre la reducci\u00f3n de la jornada laboral a 40 horas semanales, una iniciativa que, seg\u00fan ella, hab\u00eda sido olvidada en el Congreso.<\/p>\n<p>Lu\u00e9vano, visiblemente debilitada, expres\u00f3 que su protesta fue necesaria para que los legisladores se dieran cuenta de la importancia de modificar el art\u00edculo 123, fracci\u00f3n IV, de la Constituci\u00f3n, para reducir la jornada laboral en M\u00e9xico. \u201cEs triste que haya sido necesario hacer una huelga de hambre para que reaccionaran ante algo tan sencillo de aprobar\u201d, declar\u00f3.<\/p>\n<p>El punto de inflexi\u00f3n lleg\u00f3 cuando Ricardo Monreal, tras conocer la situaci\u00f3n, hizo un llamado al di\u00e1logo. A trav\u00e9s de sus redes sociales, el diputado afirm\u00f3 que se comprometer\u00eda a iniciar conversaciones en la Comisi\u00f3n de Trabajo y Previsi\u00f3n Social, con el objetivo de llegar a acuerdos entre los distintos sectores: empresariado, trabajadores, Gobierno y el Congreso. Monreal tambi\u00e9n aclar\u00f3 que hab\u00eda pedido a Lu\u00e9vano no arriesgar su vida y le propuso comenzar una mesa de di\u00e1logo para retomar el tema de la reducci\u00f3n de la jornada laboral.<\/p>\n<p>\u00abNos reunimos con Mal\u00fa Lu\u00e9vano, quien se encontraba en huelga de hambre, y le ped\u00ed que no arriesgara su vida. Iniciaremos un di\u00e1logo en la Comisi\u00f3n de Trabajo para llegar a acuerdos entre todos los actores\u00bb, escribi\u00f3 Monreal en sus redes sociales.<\/p>\n<p>La exdiputada Susana Prieto Terrazas, quien tambi\u00e9n particip\u00f3 en la reuni\u00f3n, record\u00f3 que la iniciativa para la reducci\u00f3n de la jornada laboral a 40 horas fue propuesta originalmente por ella en la 65\u00b0 Legislatura y ya hab\u00eda sido aprobada en la Comisi\u00f3n de Puntos Constitucionales en abril de 2023. En este sentido, Prieto Terrazas destac\u00f3 el compromiso de Monreal para avanzar en este tema y promover un entendimiento entre los sectores involucrados.<\/p>\n<p>\u201cEl diputado Monreal nos ha invitado a formar parte de los equipos de trabajo en la Comisi\u00f3n de Trabajo, en la Comisi\u00f3n de Puntos Constitucionales y dentro de la fracci\u00f3n parlamentaria de Morena para que esta propuesta avance\u201d, coment\u00f3 Prieto Terrazas. Adem\u00e1s, detall\u00f3 que los trabajos comenzar\u00e1n el pr\u00f3ximo lunes, con la esperanza de que la propuesta se convierta en una realidad.<\/p>\n<p>La exdiputada tambi\u00e9n resalt\u00f3 que la reducci\u00f3n de la jornada laboral es una medida que representa un \u201cacto de justicia social\u201d para los trabajadores, y asegur\u00f3 que se trabajar\u00e1 de manera conjunta para que este proyecto no quede solo en palabras, sino que sea concretado en una reforma legal.<\/p>\n<p>Con este compromiso de di\u00e1logo por parte de Monreal y el respaldo de las activistas, la expectativa es que pronto se logre una resoluci\u00f3n que beneficie a millones de trabajadores en M\u00e9xico, garantizando una mejor calidad de vida y un equilibrio entre el trabajo y el tiempo personal.<\/p>\n","protected":false},"excerpt":{"rendered":"<p>\ud83d\udd38 Los trabajos comenzar\u00e1n el pr\u00f3ximo lunes, con la esperanza de que la propuesta se&#8230;<\/p>\n","protected":false},"author":1,"featured_media":26782,"comment_status":"open","ping_status":"closed","sticky":false,"template":"","format":"standard","meta":{"footnotes":""},"categories":[17],"tags":[],"class_list":["post-26780","post","type-post","status-publish","format-standard","has-post-thumbnail","hentry","category-cdmx"],"_links":{"self":[{"href":"https:\/\/sacramentoqr.com\/index.php?rest_route=\/wp\/v2\/posts\/26780","targetHints":{"allow":["GET"]}}],"collection":[{"href":"https:\/\/sacramentoqr.com\/index.php?rest_route=\/wp\/v2\/posts"}],"about":[{"href":"https:\/\/sacramentoqr.com\/index.php?rest_route=\/wp\/v2\/types\/post"}],"author":[{"embeddable":true,"href":"https:\/\/sacramentoqr.com\/index.php?rest_route=\/wp\/v2\/users\/1"}],"replies":[{"embeddable":true,"href":"https:\/\/sacramentoqr.com\/index.php?rest_route=%2Fwp%2Fv2%2Fcomments&post=26780"}],"version-history":[{"count":1,"href":"https:\/\/sacramentoqr.com\/index.php?rest_route=\/wp\/v2\/posts\/26780\/revisions"}],"predecessor-version":[{"id":26781,"href":"https:\/\/sacramentoqr.com\/index.php?rest_route=\/wp\/v2\/posts\/26780\/revisions\/26781"}],"wp:featuredmedia":[{"embeddable":true,"href":"https:\/\/sacramentoqr.com\/index.php?rest_route=\/wp\/v2\/media\/26782"}],"wp:attachment":[{"href":"https:\/\/sacramentoqr.com\/index.php?rest_route=%2Fwp%2Fv2%2Fmedia&parent=26780"}],"wp:term":[{"taxonomy":"category","embeddable":true,"href":"https:\/\/sacramentoqr.com\/index.php?rest_route=%2Fwp%2Fv2%2Fcategories&post=26780"},{"taxonomy":"post_tag","embeddable":true,"href":"https:\/\/sacramentoqr.com\/index.php?rest_route=%2Fwp%2Fv2%2Ftags&post=26780"}],"curies":[{"name":"wp","href":"https:\/\/api.w.org\/{rel}","templated":true}]}}