{"id":26786,"date":"2024-11-30T17:00:03","date_gmt":"2024-11-30T22:00:03","guid":{"rendered":"https:\/\/sacramentoqr.com\/?p=26786"},"modified":"2024-12-01T22:13:18","modified_gmt":"2024-12-01T22:13:18","slug":"michelle-salas-rompe-en-llanto-al-rendir-homenaje-a-su-bisabuela-silvia-pinal-en-bellas-artes","status":"publish","type":"post","link":"https:\/\/sacramentoqr.com\/?p=26786","title":{"rendered":"Michelle Salas rompe en llanto al rendir homenaje a su bisabuela, Silvia Pinal, en Bellas Artes"},"content":{"rendered":"<p>\ud83d\udd38 La modelo no pudo contener las lagrimas mientras daba su discurso.<\/p>\n<p>#ESPECT\u00c1CULOS | Michelle Salas le rindi\u00f3 un emotivo discurso a su bisabuela, Silvia Pinal, en medio de rostros tristes que se dieron cita en el Palacio de Bellas Artes, en donde se est\u00e1 llevando a cabo el \u00faltimo adi\u00f3s de la diva de la \u00c9poca del Cine de oro mexicano.<\/p>\n<p>Vestida de negro y con l\u00e1grimas en los ojos, Sala expres\u00f3 que Silvia Pinal no s\u00f3lo es su bisabuela sino que, adem\u00e1s, es una mujer que inspir\u00f3 a las generaciones.<\/p>\n<p>Para Michelle Salas \u200beste no es un adi\u00f3s definitivo, asegur\u00f3 que Silvia Pinal ahora es parte de las estrellas, esas mismas que iluminaran su camino y de todos aquellos que tuvieron la dicha de conocerla.<\/p>\n<p>\u00abAbuela s\u00e9 que me miras desde un lugar de paz, sabiendo que cumpliste tu prop\u00f3sito aqu\u00ed en la tierra. Hoy te dejo ir no con sufrimiento sino con gratitud y plenitud\u00bb, expres\u00f3 la modelo llorando.<\/p>\n","protected":false},"excerpt":{"rendered":"<p>\ud83d\udd38 La modelo no pudo contener las lagrimas mientras daba su discurso. #ESPECT\u00c1CULOS | Michelle&#8230;<\/p>\n","protected":false},"author":1,"featured_media":26788,"comment_status":"open","ping_status":"closed","sticky":false,"template":"","format":"standard","meta":{"footnotes":""},"categories":[4],"tags":[],"class_list":["post-26786","post","type-post","status-publish","format-standard","has-post-thumbnail","hentry","category-espectaculos"],"_links":{"self":[{"href":"https:\/\/sacramentoqr.com\/index.php?rest_route=\/wp\/v2\/posts\/26786","targetHints":{"allow":["GET"]}}],"collection":[{"href":"https:\/\/sacramentoqr.com\/index.php?rest_route=\/wp\/v2\/posts"}],"about":[{"href":"https:\/\/sacramentoqr.com\/index.php?rest_route=\/wp\/v2\/types\/post"}],"author":[{"embeddable":true,"href":"https:\/\/sacramentoqr.com\/index.php?rest_route=\/wp\/v2\/users\/1"}],"replies":[{"embeddable":true,"href":"https:\/\/sacramentoqr.com\/index.php?rest_route=%2Fwp%2Fv2%2Fcomments&post=26786"}],"version-history":[{"count":1,"href":"https:\/\/sacramentoqr.com\/index.php?rest_route=\/wp\/v2\/posts\/26786\/revisions"}],"predecessor-version":[{"id":26787,"href":"https:\/\/sacramentoqr.com\/index.php?rest_route=\/wp\/v2\/posts\/26786\/revisions\/26787"}],"wp:featuredmedia":[{"embeddable":true,"href":"https:\/\/sacramentoqr.com\/index.php?rest_route=\/wp\/v2\/media\/26788"}],"wp:attachment":[{"href":"https:\/\/sacramentoqr.com\/index.php?rest_route=%2Fwp%2Fv2%2Fmedia&parent=26786"}],"wp:term":[{"taxonomy":"category","embeddable":true,"href":"https:\/\/sacramentoqr.com\/index.php?rest_route=%2Fwp%2Fv2%2Fcategories&post=26786"},{"taxonomy":"post_tag","embeddable":true,"href":"https:\/\/sacramentoqr.com\/index.php?rest_route=%2Fwp%2Fv2%2Ftags&post=26786"}],"curies":[{"name":"wp","href":"https:\/\/api.w.org\/{rel}","templated":true}]}}