{"id":26789,"date":"2024-11-30T17:00:18","date_gmt":"2024-11-30T22:00:18","guid":{"rendered":"https:\/\/sacramentoqr.com\/?p=26789"},"modified":"2024-12-01T22:17:45","modified_gmt":"2024-12-01T22:17:45","slug":"publican-video-de-rehen-israeli-retenido-en-gaza-por-hamas","status":"publish","type":"post","link":"https:\/\/sacramentoqr.com\/?p=26789","title":{"rendered":"Publican video de reh\u00e9n israel\u00ed retenido en Gaza por Ham\u00e1s"},"content":{"rendered":"<p>\ud83d\udd38 En el video, el reh\u00e9n se dirige a Donald Trump y al primer ministro israel\u00ed Benjamin Netanyahu.<\/p>\n<p>#INTERNACIONAL | El grupo islamista Hamas ha publicado este s\u00e1bado un v\u00eddeo del cautivo Edan Alexander, reh\u00e9n en la Franja de Gaza desde hace m\u00e1s de 420 d\u00edas, en el que el joven le pide al primer ministro israel\u00ed, Benjam\u00edn Netanyahu, que los saque del enclave.<\/p>\n<p>\u00abEl miedo y el aislamiento nos est\u00e1 matando. Por favor, no nos olvid\u00e9is. No es razonable que nosotros paguemos el precio por el error de nuestro Gobierno\u00bb, dice Alexander, de 20 a\u00f1os, en un v\u00eddeo posiblemente guionizado en el que aparece llorando.<\/p>\n<p>Alexander, seg\u00fan medios locales ciudadano estadounidense nacido en Tel Aviv, se uni\u00f3 a la Brigada Golani como soldado \u00absolitario\u00bb tras graduarse de la Educaci\u00f3n Secundaria en 2022.<\/p>\n<p>El joven pide a los ciudadanos israel\u00edes que se manifiesten a favor de un acuerdo y que presionen al Gobierno para salvar a los 101 rehenes que a\u00fan siguen en manos de Hamas y otras milicias desde octubre de 2023.<\/p>\n<p>En la segunda mitad del v\u00eddeo, Alexander habla en ingl\u00e9s y pide a la nueva administraci\u00f3n estadounidense de Donald Trump que intervenga para conseguir su liberaci\u00f3n.<\/p>\n<p>Justo hace una semana, Hamas public\u00f3 otro v\u00eddeo en el que aleg\u00f3 que una reh\u00e9n hab\u00eda muerto por ataques israel\u00edes en el norte de Gaza, mostrando im\u00e1genes en las que aparece una s\u00e1bana blanca con manchas de sangre. Seg\u00fan el portavoz de las Brigadas al Qasam, el brazo armado de Hamas, Abu Obeida, otra reh\u00e9n tambi\u00e9n fue herida de gravedad.<\/p>\n<p>El Ej\u00e9rcito israel\u00ed, por su parte, ha dicho no poder verificar la veracidad de las im\u00e1genes.<\/p>\n<p>De los 251 secuestrados en el ataque de Ham\u00e1s a Israel del 7 de octubre de 2023 (en el que tambi\u00e9n murieron 1.200 personas), quedan en el enclave 97 cautivos -la mitad ya muertos-. Hay otros cuatro rehenes desde hace a\u00f1os, entre ellos dos soldados muertos.<\/p>\n","protected":false},"excerpt":{"rendered":"<p>\ud83d\udd38 En el video, el reh\u00e9n se dirige a Donald Trump y al primer ministro&#8230;<\/p>\n","protected":false},"author":1,"featured_media":26791,"comment_status":"open","ping_status":"closed","sticky":false,"template":"","format":"standard","meta":{"footnotes":""},"categories":[5],"tags":[],"class_list":["post-26789","post","type-post","status-publish","format-standard","has-post-thumbnail","hentry","category-internacional"],"_links":{"self":[{"href":"https:\/\/sacramentoqr.com\/index.php?rest_route=\/wp\/v2\/posts\/26789","targetHints":{"allow":["GET"]}}],"collection":[{"href":"https:\/\/sacramentoqr.com\/index.php?rest_route=\/wp\/v2\/posts"}],"about":[{"href":"https:\/\/sacramentoqr.com\/index.php?rest_route=\/wp\/v2\/types\/post"}],"author":[{"embeddable":true,"href":"https:\/\/sacramentoqr.com\/index.php?rest_route=\/wp\/v2\/users\/1"}],"replies":[{"embeddable":true,"href":"https:\/\/sacramentoqr.com\/index.php?rest_route=%2Fwp%2Fv2%2Fcomments&post=26789"}],"version-history":[{"count":1,"href":"https:\/\/sacramentoqr.com\/index.php?rest_route=\/wp\/v2\/posts\/26789\/revisions"}],"predecessor-version":[{"id":26790,"href":"https:\/\/sacramentoqr.com\/index.php?rest_route=\/wp\/v2\/posts\/26789\/revisions\/26790"}],"wp:featuredmedia":[{"embeddable":true,"href":"https:\/\/sacramentoqr.com\/index.php?rest_route=\/wp\/v2\/media\/26791"}],"wp:attachment":[{"href":"https:\/\/sacramentoqr.com\/index.php?rest_route=%2Fwp%2Fv2%2Fmedia&parent=26789"}],"wp:term":[{"taxonomy":"category","embeddable":true,"href":"https:\/\/sacramentoqr.com\/index.php?rest_route=%2Fwp%2Fv2%2Fcategories&post=26789"},{"taxonomy":"post_tag","embeddable":true,"href":"https:\/\/sacramentoqr.com\/index.php?rest_route=%2Fwp%2Fv2%2Ftags&post=26789"}],"curies":[{"name":"wp","href":"https:\/\/api.w.org\/{rel}","templated":true}]}}