{"id":26795,"date":"2024-11-30T17:00:21","date_gmt":"2024-11-30T22:00:21","guid":{"rendered":"https:\/\/sacramentoqr.com\/?p=26795"},"modified":"2024-12-01T22:24:24","modified_gmt":"2024-12-01T22:24:24","slug":"afirma-monreal-que-reasignacion-de-presupuesto-fortalecera-prioridades-nacionales","status":"publish","type":"post","link":"https:\/\/sacramentoqr.com\/?p=26795","title":{"rendered":"Afirma Monreal que reasignaci\u00f3n de presupuesto fortalecer\u00e1 prioridades nacionales"},"content":{"rendered":"<p>\ud83d\udd38 Buscan beneficiar a a sectores de educaci\u00f3n, infraestructura, medio ambiente y el desarrollo rural.<\/p>\n<p>#NACIONAL | Ricardo Monreal \u00c1vila, coordinador del Grupo Parlamentario de Morena en la C\u00e1mara de Diputados anunci\u00f3 que las pr\u00f3ximas semanas ser\u00e1n clave para definir el Presupuesto de Egresos de la Federaci\u00f3n, priorizando sectores como la educaci\u00f3n, infraestructura, medio ambiente y el desarrollo rural. \u00abEstamos calculando reasignar entre 15 y 20 mil millones, cuando menos\u00bb.<\/p>\n<p>A trav\u00e9s de redes sociales, el presidente de la Junta de Coordinaci\u00f3n Pol\u00edtica se\u00f1al\u00f3 que los ajustes presupuestarios contemplan reducciones en algunos \u00f3rganos aut\u00f3nomos, como el INE, el Tribunal Electoral y la Suprema Corte.<\/p>\n<p>\u201cTendremos que hacer acercamientos con algunos de los \u00f3rganos aut\u00f3nomos a los que tendremos que ajustar a la baja\u00bb, explic\u00f3 Monreal.<\/p>\n<p>Parte de los recursos reasignados se destinar\u00e1n a las universidades p\u00fablicas, para compensar el recorte planteado en el proyecto original.<\/p>\n<p>\u201cNo podr\u00edamos otorgarle a las universidades p\u00fablicas el remanente que se les rest\u00f3 en el proyecto de presupuesto\u00bb sin estas modificaciones, asegur\u00f3.<\/p>\n<p>Asimismo, se priorizar\u00e1 el Plan H\u00eddrico propuesto por la presidenta Claudia Sheinbaum y el fortalecimiento de la infraestructura carretera, el campo mexicano y otros sectores estrat\u00e9gicos.<\/p>\n<p>\u201cNi podr\u00edamos alimentar o abastecer con mayores recursos el Plan H\u00eddrico que la presidenta Claudia Sheinbaum ha propuesto\u00bb, puntualiz\u00f3.<\/p>\n<p>Monreal destac\u00f3 que estos ajustes se realizar\u00e1n con responsabilidad, procurando no afectar las condiciones laborales de los trabajadores de las instituciones impactadas.\u00a0\u00abIntentaremos no afectar, o afectar lo menos posible, pero tambi\u00e9n necesitamos otorgarle prioridad al proyecto que planteamos\u00bb, a\u00f1adi\u00f3.<\/p>\n","protected":false},"excerpt":{"rendered":"<p>\ud83d\udd38 Buscan beneficiar a a sectores de educaci\u00f3n, infraestructura, medio ambiente y el desarrollo rural&#8230;.<\/p>\n","protected":false},"author":1,"featured_media":26797,"comment_status":"open","ping_status":"closed","sticky":false,"template":"","format":"standard","meta":{"footnotes":""},"categories":[7],"tags":[],"class_list":["post-26795","post","type-post","status-publish","format-standard","has-post-thumbnail","hentry","category-nacional"],"_links":{"self":[{"href":"https:\/\/sacramentoqr.com\/index.php?rest_route=\/wp\/v2\/posts\/26795","targetHints":{"allow":["GET"]}}],"collection":[{"href":"https:\/\/sacramentoqr.com\/index.php?rest_route=\/wp\/v2\/posts"}],"about":[{"href":"https:\/\/sacramentoqr.com\/index.php?rest_route=\/wp\/v2\/types\/post"}],"author":[{"embeddable":true,"href":"https:\/\/sacramentoqr.com\/index.php?rest_route=\/wp\/v2\/users\/1"}],"replies":[{"embeddable":true,"href":"https:\/\/sacramentoqr.com\/index.php?rest_route=%2Fwp%2Fv2%2Fcomments&post=26795"}],"version-history":[{"count":1,"href":"https:\/\/sacramentoqr.com\/index.php?rest_route=\/wp\/v2\/posts\/26795\/revisions"}],"predecessor-version":[{"id":26796,"href":"https:\/\/sacramentoqr.com\/index.php?rest_route=\/wp\/v2\/posts\/26795\/revisions\/26796"}],"wp:featuredmedia":[{"embeddable":true,"href":"https:\/\/sacramentoqr.com\/index.php?rest_route=\/wp\/v2\/media\/26797"}],"wp:attachment":[{"href":"https:\/\/sacramentoqr.com\/index.php?rest_route=%2Fwp%2Fv2%2Fmedia&parent=26795"}],"wp:term":[{"taxonomy":"category","embeddable":true,"href":"https:\/\/sacramentoqr.com\/index.php?rest_route=%2Fwp%2Fv2%2Fcategories&post=26795"},{"taxonomy":"post_tag","embeddable":true,"href":"https:\/\/sacramentoqr.com\/index.php?rest_route=%2Fwp%2Fv2%2Ftags&post=26795"}],"curies":[{"name":"wp","href":"https:\/\/api.w.org\/{rel}","templated":true}]}}