{"id":26830,"date":"2024-12-02T11:00:06","date_gmt":"2024-12-02T16:00:06","guid":{"rendered":"https:\/\/sacramentoqr.com\/?p=26830"},"modified":"2024-12-02T16:00:08","modified_gmt":"2024-12-02T16:00:08","slug":"ricardo-monreal-afirma-que-el-presupuesto-2025-sera-austero-y-republicano","status":"publish","type":"post","link":"https:\/\/sacramentoqr.com\/?p=26830","title":{"rendered":"Ricardo Monreal afirma que el presupuesto 2025 ser\u00e1 austero y republicano"},"content":{"rendered":"<p>\ud83d\udd38 El l\u00edder de la bancada morenista en la c\u00e1mara de diputados afirm\u00f3 que debe ser congruente con lo que est\u00e1 viviendo el pa\u00eds.<\/p>\n<p>#CDMX II El Presupuesto del 2025 ser\u00e1 austero, republicano, sobrio y congruente con lo que est\u00e1 viviendo el pa\u00eds, afirm\u00f3 el presidente de la Junta de Coordinaci\u00f3n Pol\u00edtica en la C\u00e1mara de Diputados, Ricardo Monreal \u00c1vila.<\/p>\n<p>Indic\u00f3 que, una vez aprobadas la Ley de Ingresos y la Ley de Derechos en el Senado de la Rep\u00fablica, los diputados iniciar\u00e1n la discusi\u00f3n del proyecto de egresos en los pr\u00f3ximos d\u00edas.<\/p>\n<p>Record\u00f3 que el proyecto de Presupuesto de Egresos de la Federaci\u00f3n para el pr\u00f3ximo a\u00f1o considera un gasto total de 9.3 billones de pesos, es decir, 1.9 por ciento menor al aprobado para este a\u00f1o. Adem\u00e1s, destaca por su alto componente de gasto social.<\/p>\n<p>Sin embargo, el tambi\u00e9n coordinador del grupo parlamentario de Morena en el recinto parlamentario de San L\u00e1zaro insisti\u00f3 en la necesidad de una reforma fiscal \u201cde gran envergadura\u201d, con el fin de alcanzar una distribuci\u00f3n m\u00e1s equitativa de la riqueza.<\/p>\n<p>\u201cHe sostenido previamente que M\u00e9xico necesita una reforma fiscal de gran envergadura. Estoy convencido de que, para lograr una sociedad m\u00e1s justa e igualitaria, es fundamental que quienes poseen mayores recursos contribuyan en mayor medida en beneficio de todos. Esta es la base de nuestro principio: la progresividad fiscal, lo que equivale a alcanzar una distribuci\u00f3n m\u00e1s equitativa de la riqueza con justicia e igualdad\u201d, dijo el pol\u00edtico zacatecano.<\/p>\n<p>A trav\u00e9s de un an\u00e1lisis publicado en su p\u00e1gina web \u201cCaracter\u00edsticas del paquete fiscal 2025\u201d, Monreal \u00c1vila coment\u00f3 que, aun cuando el gobierno federal prev\u00e9 un incremento en la recaudaci\u00f3n de impuestos, es innegable que la evasi\u00f3n fiscal sigue siendo un problema significativo, a pesar de los esfuerzos para combatirla.<\/p>\n<p>Por ello, consider\u00f3 que se necesitan medidas m\u00e1s contundentes para ampliar la base tributaria, \u201cporque el paquete econ\u00f3mico acertadamente prioriza la inversi\u00f3n en programas sociales; sin embargo, es preciso preguntarse si los recursos asignados ser\u00e1n suficientes para cubrir todas las necesidades del pa\u00eds\u201d, cuestion\u00f3.<\/p>\n","protected":false},"excerpt":{"rendered":"<p>\ud83d\udd38 El l\u00edder de la bancada morenista en la c\u00e1mara de diputados afirm\u00f3 que debe&#8230;<\/p>\n","protected":false},"author":1,"featured_media":26832,"comment_status":"open","ping_status":"closed","sticky":false,"template":"","format":"standard","meta":{"footnotes":""},"categories":[17],"tags":[],"class_list":["post-26830","post","type-post","status-publish","format-standard","has-post-thumbnail","hentry","category-cdmx"],"_links":{"self":[{"href":"https:\/\/sacramentoqr.com\/index.php?rest_route=\/wp\/v2\/posts\/26830","targetHints":{"allow":["GET"]}}],"collection":[{"href":"https:\/\/sacramentoqr.com\/index.php?rest_route=\/wp\/v2\/posts"}],"about":[{"href":"https:\/\/sacramentoqr.com\/index.php?rest_route=\/wp\/v2\/types\/post"}],"author":[{"embeddable":true,"href":"https:\/\/sacramentoqr.com\/index.php?rest_route=\/wp\/v2\/users\/1"}],"replies":[{"embeddable":true,"href":"https:\/\/sacramentoqr.com\/index.php?rest_route=%2Fwp%2Fv2%2Fcomments&post=26830"}],"version-history":[{"count":1,"href":"https:\/\/sacramentoqr.com\/index.php?rest_route=\/wp\/v2\/posts\/26830\/revisions"}],"predecessor-version":[{"id":26831,"href":"https:\/\/sacramentoqr.com\/index.php?rest_route=\/wp\/v2\/posts\/26830\/revisions\/26831"}],"wp:featuredmedia":[{"embeddable":true,"href":"https:\/\/sacramentoqr.com\/index.php?rest_route=\/wp\/v2\/media\/26832"}],"wp:attachment":[{"href":"https:\/\/sacramentoqr.com\/index.php?rest_route=%2Fwp%2Fv2%2Fmedia&parent=26830"}],"wp:term":[{"taxonomy":"category","embeddable":true,"href":"https:\/\/sacramentoqr.com\/index.php?rest_route=%2Fwp%2Fv2%2Fcategories&post=26830"},{"taxonomy":"post_tag","embeddable":true,"href":"https:\/\/sacramentoqr.com\/index.php?rest_route=%2Fwp%2Fv2%2Ftags&post=26830"}],"curies":[{"name":"wp","href":"https:\/\/api.w.org\/{rel}","templated":true}]}}