{"id":26839,"date":"2024-12-02T11:18:56","date_gmt":"2024-12-02T16:18:56","guid":{"rendered":"https:\/\/sacramentoqr.com\/?p=26839"},"modified":"2024-12-02T16:18:57","modified_gmt":"2024-12-02T16:18:57","slug":"diego-castanon-enciende-luces-de-villa-navidena-en-tulum","status":"publish","type":"post","link":"https:\/\/sacramentoqr.com\/?p=26839","title":{"rendered":"Diego Casta\u00f1\u00f3n enciende luces de villa navide\u00f1a en Tulum"},"content":{"rendered":"<p>#QUINTANAROO || El Presidente Municipal de Tulum, Diego Casta\u00f1\u00f3n Trejo encabez\u00f3 el encendido de luces de la villa navide\u00f1a, instalada en los bajos del palacio municipal.<\/p>\n<p>Este domingo, entrada la tarde-noche, el edil Diego Casta\u00f1\u00f3n y miembros de su cabildo iniciaron un desfile navide\u00f1o en el parque de la CROC, el cual permiti\u00f3 saludar a las familias y a la ni\u00f1ez tulumnense, la cual recibi\u00f3 un presente de parte del alcalde, uni\u00e9ndose a la marcha que finaliz\u00f3 en el palacio municipal.<\/p>\n<p>Al llegar, el cuerpo edilicio atestigu\u00f3 el encendido del brake que activ\u00f3 las luces que adornan la villa navide\u00f1a, decorados especiales y alusivos a Santa Claus.<\/p>\n<p>Las familias no dudaron en tomarse fotograf\u00edas en cada espacio decorado y junto al edil tulumnense.<\/p>\n","protected":false},"excerpt":{"rendered":"<p>#QUINTANAROO || El Presidente Municipal de Tulum, Diego Casta\u00f1\u00f3n Trejo encabez\u00f3 el encendido de luces&#8230;<\/p>\n","protected":false},"author":1,"featured_media":26841,"comment_status":"open","ping_status":"closed","sticky":false,"template":"","format":"standard","meta":{"footnotes":""},"categories":[10],"tags":[],"class_list":["post-26839","post","type-post","status-publish","format-standard","has-post-thumbnail","hentry","category-quintana-roo"],"_links":{"self":[{"href":"https:\/\/sacramentoqr.com\/index.php?rest_route=\/wp\/v2\/posts\/26839","targetHints":{"allow":["GET"]}}],"collection":[{"href":"https:\/\/sacramentoqr.com\/index.php?rest_route=\/wp\/v2\/posts"}],"about":[{"href":"https:\/\/sacramentoqr.com\/index.php?rest_route=\/wp\/v2\/types\/post"}],"author":[{"embeddable":true,"href":"https:\/\/sacramentoqr.com\/index.php?rest_route=\/wp\/v2\/users\/1"}],"replies":[{"embeddable":true,"href":"https:\/\/sacramentoqr.com\/index.php?rest_route=%2Fwp%2Fv2%2Fcomments&post=26839"}],"version-history":[{"count":1,"href":"https:\/\/sacramentoqr.com\/index.php?rest_route=\/wp\/v2\/posts\/26839\/revisions"}],"predecessor-version":[{"id":26840,"href":"https:\/\/sacramentoqr.com\/index.php?rest_route=\/wp\/v2\/posts\/26839\/revisions\/26840"}],"wp:featuredmedia":[{"embeddable":true,"href":"https:\/\/sacramentoqr.com\/index.php?rest_route=\/wp\/v2\/media\/26841"}],"wp:attachment":[{"href":"https:\/\/sacramentoqr.com\/index.php?rest_route=%2Fwp%2Fv2%2Fmedia&parent=26839"}],"wp:term":[{"taxonomy":"category","embeddable":true,"href":"https:\/\/sacramentoqr.com\/index.php?rest_route=%2Fwp%2Fv2%2Fcategories&post=26839"},{"taxonomy":"post_tag","embeddable":true,"href":"https:\/\/sacramentoqr.com\/index.php?rest_route=%2Fwp%2Fv2%2Ftags&post=26839"}],"curies":[{"name":"wp","href":"https:\/\/api.w.org\/{rel}","templated":true}]}}