{"id":26863,"date":"2024-12-04T10:05:50","date_gmt":"2024-12-04T15:05:50","guid":{"rendered":"https:\/\/sacramentoqr.com\/?p=26863"},"modified":"2024-12-04T15:05:51","modified_gmt":"2024-12-04T15:05:51","slug":"dulce-esta-hospitalizada","status":"publish","type":"post","link":"https:\/\/sacramentoqr.com\/?p=26863","title":{"rendered":"Dulce est\u00e1 hospitalizada"},"content":{"rendered":"<p>\ud83d\udd38 La int\u00e9rprete de \u2018Tu Mu\u00f1eca\u2019 tuvo que posponer varios conciertos y no responder\u00e1 mensajes por el momento<\/p>\n<p>#ESPECT\u00c1CULOS || Hace un par de meses, la cantante Dulce hab\u00eda estado internada por un neumon\u00eda, pero luego de recuperarse regres\u00f3 a trabajar, hasta el pasado 2 de diciembre que detall\u00f3 que estaba internada de emergencia.<\/p>\n<p>De acuerdo con un comunicado que sac\u00f3, la int\u00e9rprete de m\u00fasica rom\u00e1ntica explic\u00f3 que tendr\u00eda que posponer algunos conciertos por recomendaciones de los doctores.<\/p>\n<p>\u201cQuiero compartir con ustedes que, por recomendaciones m\u00e9dicas, me encuentro hospitalizada para atender un cuadro de salud que requiere cuidado y reposo. Estoy tranquila, en buenas manos, y con la confianza de que pronto estar\u00e9 completamente recuperada\u201d, expuso.<\/p>\n<p>Aunque en su misiva no indic\u00f3 por lo que pasaba, el periodista Gustavo Adolfo Infante revel\u00f3 en su programa que Dulce tiene colapsado un pulm\u00f3n.<\/p>\n<p>\u201cEst\u00e1 internada desde la semana pasada y tiene alg\u00fan problema en un pulm\u00f3n. Tiene colapsado un pulm\u00f3n. Le est\u00e1n drenando agua de un pulm\u00f3n y no le encuentran cu\u00e1l es la causa, el motivo\u201d, detall\u00f3.<\/p>\n<p>La int\u00e9rprete de \u2018Tu Mu\u00f1eca\u2019 dijo que debido a su enfermedad estar\u00e1 ausente por un tiempo hasta que se recupere, por lo que pidi\u00f3 comprensi\u00f3n a su estado de salud.<\/p>\n<p>\u201cAprovecho para pedir su comprensi\u00f3n, ya que durante este tiempo no podr\u00e9 estar pendiente de mi tel\u00e9fono ni responder llamadas o mensajes. Toda informaci\u00f3n oficial sobre mi estado de salud o sobre los conciertos ser\u00e1 emitida \u00fanicamente por mi c\u00edrculo cercano y por mis redes sociales OFICIALES. Les agradezco que respeten este espacio necesario para mi recuperaci\u00f3n\u201d, finaliz\u00f3 en su comunicado.<\/p>\n","protected":false},"excerpt":{"rendered":"<p>\ud83d\udd38 La int\u00e9rprete de \u2018Tu Mu\u00f1eca\u2019 tuvo que posponer varios conciertos y no responder\u00e1 mensajes&#8230;<\/p>\n","protected":false},"author":1,"featured_media":26865,"comment_status":"open","ping_status":"closed","sticky":false,"template":"","format":"standard","meta":{"footnotes":""},"categories":[4],"tags":[],"class_list":["post-26863","post","type-post","status-publish","format-standard","has-post-thumbnail","hentry","category-espectaculos"],"_links":{"self":[{"href":"https:\/\/sacramentoqr.com\/index.php?rest_route=\/wp\/v2\/posts\/26863","targetHints":{"allow":["GET"]}}],"collection":[{"href":"https:\/\/sacramentoqr.com\/index.php?rest_route=\/wp\/v2\/posts"}],"about":[{"href":"https:\/\/sacramentoqr.com\/index.php?rest_route=\/wp\/v2\/types\/post"}],"author":[{"embeddable":true,"href":"https:\/\/sacramentoqr.com\/index.php?rest_route=\/wp\/v2\/users\/1"}],"replies":[{"embeddable":true,"href":"https:\/\/sacramentoqr.com\/index.php?rest_route=%2Fwp%2Fv2%2Fcomments&post=26863"}],"version-history":[{"count":1,"href":"https:\/\/sacramentoqr.com\/index.php?rest_route=\/wp\/v2\/posts\/26863\/revisions"}],"predecessor-version":[{"id":26864,"href":"https:\/\/sacramentoqr.com\/index.php?rest_route=\/wp\/v2\/posts\/26863\/revisions\/26864"}],"wp:featuredmedia":[{"embeddable":true,"href":"https:\/\/sacramentoqr.com\/index.php?rest_route=\/wp\/v2\/media\/26865"}],"wp:attachment":[{"href":"https:\/\/sacramentoqr.com\/index.php?rest_route=%2Fwp%2Fv2%2Fmedia&parent=26863"}],"wp:term":[{"taxonomy":"category","embeddable":true,"href":"https:\/\/sacramentoqr.com\/index.php?rest_route=%2Fwp%2Fv2%2Fcategories&post=26863"},{"taxonomy":"post_tag","embeddable":true,"href":"https:\/\/sacramentoqr.com\/index.php?rest_route=%2Fwp%2Fv2%2Ftags&post=26863"}],"curies":[{"name":"wp","href":"https:\/\/api.w.org\/{rel}","templated":true}]}}