{"id":26897,"date":"2024-12-07T19:26:49","date_gmt":"2024-12-08T00:26:49","guid":{"rendered":"https:\/\/sacramentoqr.com\/?p=26897"},"modified":"2024-12-08T00:26:51","modified_gmt":"2024-12-08T00:26:51","slug":"convive-blanca-merari-con-el-gremio-de-puerto-morelos","status":"publish","type":"post","link":"https:\/\/sacramentoqr.com\/?p=26897","title":{"rendered":"Convive Blanca Merari con el gremio de Puerto Morelos"},"content":{"rendered":"<p>\ud83d\udd38 Celebra junto con trabajadores las fiestas patronales en honor a la Virgen de Guadalupe<\/p>\n<p>En el marco de las fiestas patronales la presidenta municipal de Puerto Morelos, Blanca Merari Tziu Mu\u00f1oz, festej\u00f3 con los trabajadores de la cabecera municipal la celebraci\u00f3n en honor a la Virgen de Guadalupe.<\/p>\n<p>Frente al Palacio Municipal de la avenida Zetina Gasca se dieron cita los colaboradores del ayuntamiento con los trajes t\u00edpicos de la regi\u00f3n, en el caso de las damas el huipil y peinados de coloridas flores, y en caso de los caballeros de guayabera y pantal\u00f3n blancos con alpargatas.<\/p>\n<p>\u201cMe complace acompa\u00f1ar a nuestra gente trabajadora, refrendar las tradiciones, porque es la mejor forma de seguir impulsando los valores en nuestros ni\u00f1os y j\u00f3venes, que seamos una sociedad unida, que pone lo mejor de si para el crecimiento con calidad en cada hogar\u201d, mencion\u00f3.<\/p>\n<p>La procesi\u00f3n se llev\u00f3 a cabo sobre la avenida principal, en la que se mostraron los estandartes de la Guadalupana, acompa\u00f1ada de los tradicionales cuetes y amenizada la caminata con la m\u00fasica de charanga hasta llegar a la iglesia de la Virgen de Guadalupe, donde se ofici\u00f3 la misa.<\/p>\n<p>Posteriormente el gremio se dirigi\u00f3 al parque de la colonia Zetina Gasca, donde se llevo a cabo la vaquer\u00eda, que fue encabezada por la presidenta municipal Blanca Merari Tziu y el secretario General del Ayuntamiento Jos\u00e9 de Jes\u00fas Espinosa Payan, el Oficial Mayor, Rodrigo Ruiz \u00c1lvarez seguido de las y los secretarios, directores y directoras, as\u00ed como los regidores donde ptesentaton el tradicional baile de Cochino .<\/p>\n<p>La tarde tambi\u00e9n estuvo amenizada por la academia de danza Corales del Mar que se present\u00f3 con diferentes bailes de jarana por parte de sus grupos infantil, juvenil y adultos, de igual forma se presento un grupo de baile del ayuntamiento encabezado por el regidor Gonzalo Calder\u00f3n Poot, con el baile de los listones.<\/p>\n<p>Se ofreci\u00f3 a los presentes un refrigerio de la tradicional cochinita.<\/p>\n","protected":false},"excerpt":{"rendered":"<p>\ud83d\udd38 Celebra junto con trabajadores las fiestas patronales en honor a la Virgen de Guadalupe&#8230;<\/p>\n","protected":false},"author":1,"featured_media":26899,"comment_status":"open","ping_status":"closed","sticky":false,"template":"","format":"standard","meta":{"footnotes":""},"categories":[10],"tags":[],"class_list":["post-26897","post","type-post","status-publish","format-standard","has-post-thumbnail","hentry","category-quintana-roo"],"_links":{"self":[{"href":"https:\/\/sacramentoqr.com\/index.php?rest_route=\/wp\/v2\/posts\/26897","targetHints":{"allow":["GET"]}}],"collection":[{"href":"https:\/\/sacramentoqr.com\/index.php?rest_route=\/wp\/v2\/posts"}],"about":[{"href":"https:\/\/sacramentoqr.com\/index.php?rest_route=\/wp\/v2\/types\/post"}],"author":[{"embeddable":true,"href":"https:\/\/sacramentoqr.com\/index.php?rest_route=\/wp\/v2\/users\/1"}],"replies":[{"embeddable":true,"href":"https:\/\/sacramentoqr.com\/index.php?rest_route=%2Fwp%2Fv2%2Fcomments&post=26897"}],"version-history":[{"count":1,"href":"https:\/\/sacramentoqr.com\/index.php?rest_route=\/wp\/v2\/posts\/26897\/revisions"}],"predecessor-version":[{"id":26898,"href":"https:\/\/sacramentoqr.com\/index.php?rest_route=\/wp\/v2\/posts\/26897\/revisions\/26898"}],"wp:featuredmedia":[{"embeddable":true,"href":"https:\/\/sacramentoqr.com\/index.php?rest_route=\/wp\/v2\/media\/26899"}],"wp:attachment":[{"href":"https:\/\/sacramentoqr.com\/index.php?rest_route=%2Fwp%2Fv2%2Fmedia&parent=26897"}],"wp:term":[{"taxonomy":"category","embeddable":true,"href":"https:\/\/sacramentoqr.com\/index.php?rest_route=%2Fwp%2Fv2%2Fcategories&post=26897"},{"taxonomy":"post_tag","embeddable":true,"href":"https:\/\/sacramentoqr.com\/index.php?rest_route=%2Fwp%2Fv2%2Ftags&post=26897"}],"curies":[{"name":"wp","href":"https:\/\/api.w.org\/{rel}","templated":true}]}}