{"id":26929,"date":"2024-12-09T11:37:40","date_gmt":"2024-12-09T16:37:40","guid":{"rendered":"https:\/\/sacramentoqr.com\/?p=26929"},"modified":"2024-12-09T16:37:41","modified_gmt":"2024-12-09T16:37:41","slug":"se-van-a-puebla-alcalde-adelanta-que-america-jugara-la-final-de-ida-en-el-cuauhtemoc","status":"publish","type":"post","link":"https:\/\/sacramentoqr.com\/?p=26929","title":{"rendered":"\u00a1Se van a Puebla! Alcalde adelanta que Am\u00e9rica jugar\u00e1 la Final de Ida en el Cuauht\u00e9moc"},"content":{"rendered":"<p>\ud83d\udd38 Andr\u00e9 Jardine asegur\u00f3 que no se identifican con el Estadio Ciudad de los Deportes<\/p>\n<p>#DEPORTES | La Final viajar\u00e1 a Puebla. Am\u00e9rica sigue sin estar c\u00f3modo en el Estadio Ciudad de los Deportes, por lo que todo parece indicar que, el partido de Ida ante Monterrey del pr\u00f3ximo jueves se disputar\u00e1 en el Estadio Cuauht\u00e9moc.<\/p>\n<p>Las \u00c1guilas consiguieron el pase a su tercera Final consecutiva donde estar\u00e1n buscando ser el primer equipo en la historia de la Liga MX en conseguir el Tricampeonato en los torneos cortos, pero para ello, deber\u00e1n superar a Monterrey esta semana.<\/p>\n<p>A pesar de haber jugado todo el torneo en el Estadio Ciudad de los Deportes, el conjunto azulcrema tiene la idea de jugar en Puebla, tal y como lo hicieron cuando el inmueble fue clausurado para la pen\u00faltima Jornada del torneo regular.<\/p>\n<p>Al t\u00e9rmino del partido Andr\u00e9 Jardine, entrenador del Am\u00e9rica, mostr\u00f3 su inter\u00e9s por regresar al Estadio Cuauht\u00e9moc. \u201cNos gusta jugar aqu\u00ed, pero no nos sentimos identificados la verdad\u2026 Cuando Fuimos a Puebla nos sentimos muy bien. Alguna cosa me dec\u00eda que la Final ser\u00eda en Puebla\u201d, revel\u00f3 Jardine en conferencia.<\/p>\n<p>A pesar de no haber sido confirmado por la Liga, el alcalde de Puebla se adelant\u00f3 y revel\u00f3 que el juego de Ida se llevar\u00e1 a cabo no s\u00f3lo en el Estadio Cuauht\u00e9moc, sino que tambi\u00e9n se llevar\u00e1 a cabo el jueves.<\/p>\n<p>\u201cEl pr\u00f3ximo jueves tendremos en Puebla la gran final de futbol mexicano entre los equipos de Am\u00e9rica y Rayados en el estadio Cuauht\u00e9moc. Nuestra Ciudad ser\u00e1 sede una vez m\u00e1s de la final del futbol mexicano. Para los libros de historia, el mejor de los \u00e9xitos para la afici\u00f3n. \u00a1La final en casa!\u201d, revel\u00f3 Jos\u00e9 Chedraui Budib en redes sociales.<\/p>\n","protected":false},"excerpt":{"rendered":"<p>\ud83d\udd38 Andr\u00e9 Jardine asegur\u00f3 que no se identifican con el Estadio Ciudad de los Deportes&#8230;<\/p>\n","protected":false},"author":1,"featured_media":26931,"comment_status":"open","ping_status":"closed","sticky":false,"template":"","format":"standard","meta":{"footnotes":""},"categories":[3],"tags":[],"class_list":["post-26929","post","type-post","status-publish","format-standard","has-post-thumbnail","hentry","category-deportes"],"_links":{"self":[{"href":"https:\/\/sacramentoqr.com\/index.php?rest_route=\/wp\/v2\/posts\/26929","targetHints":{"allow":["GET"]}}],"collection":[{"href":"https:\/\/sacramentoqr.com\/index.php?rest_route=\/wp\/v2\/posts"}],"about":[{"href":"https:\/\/sacramentoqr.com\/index.php?rest_route=\/wp\/v2\/types\/post"}],"author":[{"embeddable":true,"href":"https:\/\/sacramentoqr.com\/index.php?rest_route=\/wp\/v2\/users\/1"}],"replies":[{"embeddable":true,"href":"https:\/\/sacramentoqr.com\/index.php?rest_route=%2Fwp%2Fv2%2Fcomments&post=26929"}],"version-history":[{"count":1,"href":"https:\/\/sacramentoqr.com\/index.php?rest_route=\/wp\/v2\/posts\/26929\/revisions"}],"predecessor-version":[{"id":26930,"href":"https:\/\/sacramentoqr.com\/index.php?rest_route=\/wp\/v2\/posts\/26929\/revisions\/26930"}],"wp:featuredmedia":[{"embeddable":true,"href":"https:\/\/sacramentoqr.com\/index.php?rest_route=\/wp\/v2\/media\/26931"}],"wp:attachment":[{"href":"https:\/\/sacramentoqr.com\/index.php?rest_route=%2Fwp%2Fv2%2Fmedia&parent=26929"}],"wp:term":[{"taxonomy":"category","embeddable":true,"href":"https:\/\/sacramentoqr.com\/index.php?rest_route=%2Fwp%2Fv2%2Fcategories&post=26929"},{"taxonomy":"post_tag","embeddable":true,"href":"https:\/\/sacramentoqr.com\/index.php?rest_route=%2Fwp%2Fv2%2Ftags&post=26929"}],"curies":[{"name":"wp","href":"https:\/\/api.w.org\/{rel}","templated":true}]}}