{"id":26949,"date":"2024-12-10T10:46:44","date_gmt":"2024-12-10T15:46:44","guid":{"rendered":"https:\/\/sacramentoqr.com\/?p=26949"},"modified":"2024-12-10T15:46:45","modified_gmt":"2024-12-10T15:46:45","slug":"cien-anos-de-soledad-se-podra-ver-en-190-paises","status":"publish","type":"post","link":"https:\/\/sacramentoqr.com\/?p=26949","title":{"rendered":"\u201cCien a\u00f1os de soledad\u201d se podr\u00e1 ver en 190 pa\u00edses"},"content":{"rendered":"<p>\ud83d\udd38 El ic\u00f3nico pueblo caribe\u00f1o creado por el escritor colombiano cobra vida en una ambiciosa adaptaci\u00f3n televisiva, presentada en Bogot\u00e1 con la presencia de Gustavo Petro y familiares del Nobel<\/p>\n<p>#ESPECT\u00c1CULO | El realismo m\u00e1gico del nobel de Literatura colombiano Gabriel Garc\u00eda M\u00e1rquez aterriza en Netflix, que ayer lunes present\u00f3 en Bogot\u00e1 la esperada adaptaci\u00f3n a la pantalla chica del libro \u201cCien a\u00f1os de soledad\u201d, en una ceremonia en la que particip\u00f3 el presidente de Colombia Gustavo Petro.<\/p>\n<p>La versi\u00f3n para televisi\u00f3n de la novela m\u00e1s famosa de Garc\u00eda M\u00e1rquez (1927-2014), que estar\u00e1 disponible para 190 pa\u00edses en la plataforma de streaming a partir del mi\u00e9rcoles, tuvo su premier en el pa\u00eds natal del laureado escritor y periodista.<\/p>\n<p>En un museo de la capital colombiana, realizadores, miembros del elenco e invitados especiales, entre ellos familiares del autor y el presidente Gustavo Petro, vieron su primer cap\u00edtulo durante una proyecci\u00f3n especial.<\/p>\n<p>En su llegada al evento, el mandatario salud\u00f3 a los productores y recorri\u00f3 una alfombra roja decorada con antorchas, vegetaci\u00f3n tropical y una pared de ca\u00f1a que recreaban las caracter\u00edsticas del ficticio pueblo caribe\u00f1o de Macondo, donde se desarrolla el libro de Garc\u00eda M\u00e1rquez.<\/p>\n<p>La novela original \u201cde alguna forma ingenia la historia de un pueblo, de un pa\u00eds como Colombia, pero tambi\u00e9n captura la historia de Am\u00e9rica Latina\u201c, dijo a la AFP durante la presentaci\u00f3n el cineasta argentino Alex Garc\u00eda L\u00f3pez, uno de los directores de la serie, que destac\u00f3 el car\u00e1cter universal de la obra.<\/p>\n<p>El primer cap\u00edtulo arranca con el casamiento de Jos\u00e9 Arcadio Buend\u00eda y \u00darsula Iguar\u00e1n, cubre la fundaci\u00f3n de la m\u00edtica Macondo, y termina con el nacimiento del segundo hijo de la pareja, Aureliano, quien posteriormente se convertir\u00eda en el legendario coronel Aureliano Buend\u00eda.<\/p>\n<p>El libro del colombiano, publicado en 1967, es una de las obras cumbre de la literatura en espa\u00f1ol, y su versi\u00f3n cinematogr\u00e1fica era vista como un desaf\u00edo monumental. El escritor siempre se opuso a que la novela fuera adaptada a la pantalla, porque no conceb\u00eda c\u00f3mo pod\u00eda condensarse para un formato audiovisual.<\/p>\n<p>\u201cMuchas de las adaptaciones de los libros de Gabo han sufrido de demasiado respeto al autor, demasiado respeto a la obra\u201d, dijo Rodrigo Garc\u00eda Barcha, hijo del nobel y productor ejecutivo de la serie. \u201cEn este caso s\u00ed lograron adaptarla y eso ha tenido un impacto muy positivo\u201d, agreg\u00f3.<\/p>\n<p>Netflix adquiri\u00f3 los derechos de la novela en 2019, y fue en plena pandemia que la plataforma contact\u00f3 a Garc\u00eda L\u00f3pez para el desaf\u00edo.<\/p>\n<p>Uno de los mayores retos, a\u00f1adi\u00f3 el director, \u201cfue c\u00f3mo hacer algo que se sienta muy aut\u00e9ntico, muy colombiano, pero con una producci\u00f3n muy grande para demostrarle al mundo que Am\u00e9rica Latina, que Colombia, somos m\u00e1s all\u00e1 de narcotraficantes, violencia, dictaduras\u2026 Las mismas historias de siempre\u201d.<\/p>\n","protected":false},"excerpt":{"rendered":"<p>\ud83d\udd38 El ic\u00f3nico pueblo caribe\u00f1o creado por el escritor colombiano cobra vida en una ambiciosa&#8230;<\/p>\n","protected":false},"author":1,"featured_media":26951,"comment_status":"open","ping_status":"closed","sticky":false,"template":"","format":"standard","meta":{"footnotes":""},"categories":[4],"tags":[],"class_list":["post-26949","post","type-post","status-publish","format-standard","has-post-thumbnail","hentry","category-espectaculos"],"_links":{"self":[{"href":"https:\/\/sacramentoqr.com\/index.php?rest_route=\/wp\/v2\/posts\/26949","targetHints":{"allow":["GET"]}}],"collection":[{"href":"https:\/\/sacramentoqr.com\/index.php?rest_route=\/wp\/v2\/posts"}],"about":[{"href":"https:\/\/sacramentoqr.com\/index.php?rest_route=\/wp\/v2\/types\/post"}],"author":[{"embeddable":true,"href":"https:\/\/sacramentoqr.com\/index.php?rest_route=\/wp\/v2\/users\/1"}],"replies":[{"embeddable":true,"href":"https:\/\/sacramentoqr.com\/index.php?rest_route=%2Fwp%2Fv2%2Fcomments&post=26949"}],"version-history":[{"count":1,"href":"https:\/\/sacramentoqr.com\/index.php?rest_route=\/wp\/v2\/posts\/26949\/revisions"}],"predecessor-version":[{"id":26950,"href":"https:\/\/sacramentoqr.com\/index.php?rest_route=\/wp\/v2\/posts\/26949\/revisions\/26950"}],"wp:featuredmedia":[{"embeddable":true,"href":"https:\/\/sacramentoqr.com\/index.php?rest_route=\/wp\/v2\/media\/26951"}],"wp:attachment":[{"href":"https:\/\/sacramentoqr.com\/index.php?rest_route=%2Fwp%2Fv2%2Fmedia&parent=26949"}],"wp:term":[{"taxonomy":"category","embeddable":true,"href":"https:\/\/sacramentoqr.com\/index.php?rest_route=%2Fwp%2Fv2%2Fcategories&post=26949"},{"taxonomy":"post_tag","embeddable":true,"href":"https:\/\/sacramentoqr.com\/index.php?rest_route=%2Fwp%2Fv2%2Ftags&post=26949"}],"curies":[{"name":"wp","href":"https:\/\/api.w.org\/{rel}","templated":true}]}}