{"id":26952,"date":"2024-12-10T10:48:04","date_gmt":"2024-12-10T15:48:04","guid":{"rendered":"https:\/\/sacramentoqr.com\/?p=26952"},"modified":"2024-12-10T15:48:05","modified_gmt":"2024-12-10T15:48:05","slug":"consejo-ciudadano-definira-terna-para-la-fiscalia-de-la-cdmx","status":"publish","type":"post","link":"https:\/\/sacramentoqr.com\/?p=26952","title":{"rendered":"Consejo ciudadano definir\u00e1 terna para la Fiscal\u00eda de la CDMX"},"content":{"rendered":"<p>\ud83d\udd38 La Guardia Nacional hab\u00eda solicitado una pr\u00f3rroga para concluir con la evaluaci\u00f3n de los aspirantes.<\/p>\n<p>#CDMX | Tras una semana de retraso el Consejo Judicial Ciudadano (CJC) en el Congreso de la Ciudad de M\u00e9xico (CDMX) podr\u00eda citar este martes 10 para definir la terna de las y los finalistas que ser\u00e1n considerados para estar a cargo de la Fiscal\u00eda de la capital del pa\u00eds.<\/p>\n<p>El Consejo Judicial hab\u00eda pospuesto la discusi\u00f3n, selecci\u00f3n y presentaci\u00f3n de las candidaturas entre las que tendr\u00e1 que elegir Clara Brugada Molina, jefa de Gobierno de la CDMX, para dirigir el organismo por los pr\u00f3ximos 4 a\u00f1os.<\/p>\n<p>En la reuni\u00f3n del pasado lunes 02 de diciembre, los integrantes del CJC decidieron posponer hasta nuevo aviso el proceso, ello despu\u00e9s de que la Guardia Nacional pidiera una pr\u00f3rroga para la evaluaci\u00f3n de los candidatos. El presidente del Consejo, Jorge Nader Kuri, dijo que una vez les entregaran los resultados llamar\u00eda a una sesi\u00f3n extraordinaria para su discusi\u00f3n.<\/p>\n<p>El CJC cit\u00f3 a los integrantes para participar en la sesi\u00f3n de este 10 de diciembre a las 10:00 horas, en el que plantean aprobar la terna de personas candidatas para la Fiscal\u00eda General de Justicia de la Ciudad de M\u00e9xico.<\/p>\n<p>Entre los perfiles que la Guardia Nacional evalu\u00f3 se encuentran Ulrich Richter Morales, Fernando Moreno Caballero, Jos\u00e9 Alejandro Garc\u00eda Ram\u00edrez, Francisco Javier Rodr\u00edguez Espejel, Bertha Mar\u00eda Alcalde Luj\u00e1n, Anaid Elena Valero Manzano y Mario Alberto Martel G\u00f3mez.<\/p>\n<p>Una vez la jefa de Gobierno tenga los nombres de los candidatos aprobados por el Consejo, seleccionar\u00e1 a uno de ellos y su decisi\u00f3n tendr\u00e1 que ser aprobada por el Pleno del Congreso de la Ciudad de M\u00e9xico. Seg\u00fan el protocolo debe alcanzar 2\/3 partes de los legisladores para proceder con su aprobaci\u00f3n para reemplazar a Ulises Lara L\u00f3pez, actual encargado de despacho, que se inscribi\u00f3 para participar en la elecci\u00f3n del Poder Judicial.<\/p>\n","protected":false},"excerpt":{"rendered":"<p>\ud83d\udd38 La Guardia Nacional hab\u00eda solicitado una pr\u00f3rroga para concluir con la evaluaci\u00f3n de los&#8230;<\/p>\n","protected":false},"author":1,"featured_media":26954,"comment_status":"open","ping_status":"closed","sticky":false,"template":"","format":"standard","meta":{"footnotes":""},"categories":[17],"tags":[],"class_list":["post-26952","post","type-post","status-publish","format-standard","has-post-thumbnail","hentry","category-cdmx"],"_links":{"self":[{"href":"https:\/\/sacramentoqr.com\/index.php?rest_route=\/wp\/v2\/posts\/26952","targetHints":{"allow":["GET"]}}],"collection":[{"href":"https:\/\/sacramentoqr.com\/index.php?rest_route=\/wp\/v2\/posts"}],"about":[{"href":"https:\/\/sacramentoqr.com\/index.php?rest_route=\/wp\/v2\/types\/post"}],"author":[{"embeddable":true,"href":"https:\/\/sacramentoqr.com\/index.php?rest_route=\/wp\/v2\/users\/1"}],"replies":[{"embeddable":true,"href":"https:\/\/sacramentoqr.com\/index.php?rest_route=%2Fwp%2Fv2%2Fcomments&post=26952"}],"version-history":[{"count":1,"href":"https:\/\/sacramentoqr.com\/index.php?rest_route=\/wp\/v2\/posts\/26952\/revisions"}],"predecessor-version":[{"id":26953,"href":"https:\/\/sacramentoqr.com\/index.php?rest_route=\/wp\/v2\/posts\/26952\/revisions\/26953"}],"wp:featuredmedia":[{"embeddable":true,"href":"https:\/\/sacramentoqr.com\/index.php?rest_route=\/wp\/v2\/media\/26954"}],"wp:attachment":[{"href":"https:\/\/sacramentoqr.com\/index.php?rest_route=%2Fwp%2Fv2%2Fmedia&parent=26952"}],"wp:term":[{"taxonomy":"category","embeddable":true,"href":"https:\/\/sacramentoqr.com\/index.php?rest_route=%2Fwp%2Fv2%2Fcategories&post=26952"},{"taxonomy":"post_tag","embeddable":true,"href":"https:\/\/sacramentoqr.com\/index.php?rest_route=%2Fwp%2Fv2%2Ftags&post=26952"}],"curies":[{"name":"wp","href":"https:\/\/api.w.org\/{rel}","templated":true}]}}