{"id":26955,"date":"2024-12-10T10:54:34","date_gmt":"2024-12-10T15:54:34","guid":{"rendered":"https:\/\/sacramentoqr.com\/?p=26955"},"modified":"2024-12-10T15:54:36","modified_gmt":"2024-12-10T15:54:36","slug":"pepe-couttolenc-destaca-compromiso-del-pvem-en-toma-de-protesta-de-raziel-chavarria-como-alcalde-de-jilotzingo","status":"publish","type":"post","link":"https:\/\/sacramentoqr.com\/?p=26955","title":{"rendered":"Pepe Couttolenc destaca compromiso del PVEM en toma de protesta de Raziel Chavarr\u00eda como alcalde de Jilotzingo"},"content":{"rendered":"<p>\ud83d\udd38 El dirigente estatal del Partido Verde subraya la importancia de los Gobiernos Verdes para el bienestar y desarrollo sostenible del municipio<\/p>\n<p>#EDOMEX | Hoy, el Partido Verde del Estado de M\u00e9xico estuvo presente en la toma de protesta de Raziel Chavarr\u00eda como nuevo presidente municipal de Jilotzingo, un evento que marca el inicio de un cambio en la administraci\u00f3n local. Pepe Couttolenc, dirigente estatal del Partido Verde, acompa\u00f1\u00f3 a Chavarr\u00eda en este importante acto y destac\u00f3 el compromiso de los Gobiernos Verdes para transformar el municipio bajo un enfoque de sostenibilidad y bienestar ambiental.<\/p>\n<p>Durante la ceremonia, Couttolenc enfatiz\u00f3 la importancia de crear \u00abespacios saludables y verdes\u00bb que fomenten la conciencia ambiental en la comunidad. Adem\u00e1s, reiter\u00f3 que la colaboraci\u00f3n con los ciudadanos ser\u00e1 clave para lograr un Jilotzingo m\u00e1s pr\u00f3spero y sustentable, impulsando acciones que respeten y cuiden el entorno natural.<\/p>\n<p>El dirigente verde tambi\u00e9n subray\u00f3 el compromiso de fortalecer un Estado de M\u00e9xico m\u00e1s Verde, donde la protecci\u00f3n del medio ambiente y el desarrollo de proyectos sostenibles sean prioridades.<\/p>\n<p>Con la toma de protesta de Raziel Chavarr\u00eda, los Gobiernos Verdes contin\u00faan consolidando su presencia en el Estado de M\u00e9xico, promoviendo una agenda centrada en la ecolog\u00eda, la participaci\u00f3n ciudadana y la mejora de la calidad de vida de las comunidades.<\/p>\n","protected":false},"excerpt":{"rendered":"<p>\ud83d\udd38 El dirigente estatal del Partido Verde subraya la importancia de los Gobiernos Verdes para&#8230;<\/p>\n","protected":false},"author":1,"featured_media":26957,"comment_status":"open","ping_status":"closed","sticky":false,"template":"","format":"standard","meta":{"footnotes":""},"categories":[23],"tags":[],"class_list":["post-26955","post","type-post","status-publish","format-standard","has-post-thumbnail","hentry","category-edomex"],"_links":{"self":[{"href":"https:\/\/sacramentoqr.com\/index.php?rest_route=\/wp\/v2\/posts\/26955","targetHints":{"allow":["GET"]}}],"collection":[{"href":"https:\/\/sacramentoqr.com\/index.php?rest_route=\/wp\/v2\/posts"}],"about":[{"href":"https:\/\/sacramentoqr.com\/index.php?rest_route=\/wp\/v2\/types\/post"}],"author":[{"embeddable":true,"href":"https:\/\/sacramentoqr.com\/index.php?rest_route=\/wp\/v2\/users\/1"}],"replies":[{"embeddable":true,"href":"https:\/\/sacramentoqr.com\/index.php?rest_route=%2Fwp%2Fv2%2Fcomments&post=26955"}],"version-history":[{"count":1,"href":"https:\/\/sacramentoqr.com\/index.php?rest_route=\/wp\/v2\/posts\/26955\/revisions"}],"predecessor-version":[{"id":26956,"href":"https:\/\/sacramentoqr.com\/index.php?rest_route=\/wp\/v2\/posts\/26955\/revisions\/26956"}],"wp:featuredmedia":[{"embeddable":true,"href":"https:\/\/sacramentoqr.com\/index.php?rest_route=\/wp\/v2\/media\/26957"}],"wp:attachment":[{"href":"https:\/\/sacramentoqr.com\/index.php?rest_route=%2Fwp%2Fv2%2Fmedia&parent=26955"}],"wp:term":[{"taxonomy":"category","embeddable":true,"href":"https:\/\/sacramentoqr.com\/index.php?rest_route=%2Fwp%2Fv2%2Fcategories&post=26955"},{"taxonomy":"post_tag","embeddable":true,"href":"https:\/\/sacramentoqr.com\/index.php?rest_route=%2Fwp%2Fv2%2Ftags&post=26955"}],"curies":[{"name":"wp","href":"https:\/\/api.w.org\/{rel}","templated":true}]}}