{"id":26972,"date":"2024-12-11T10:33:54","date_gmt":"2024-12-11T15:33:54","guid":{"rendered":"https:\/\/sacramentoqr.com\/?p=26972"},"modified":"2024-12-11T15:33:55","modified_gmt":"2024-12-11T15:33:55","slug":"ingrid-coronado-queda-fuera-del-programa-sale-el-sol","status":"publish","type":"post","link":"https:\/\/sacramentoqr.com\/?p=26972","title":{"rendered":"Ingrid Coronado queda fuera del programa \u00abSale el Sol\u00bb"},"content":{"rendered":"<p>\ud83d\udd38 El matutino prepara cambios en su plantilla; quer\u00edan sumar a sus filas a Adri\u00e1n Marcelo<\/p>\n<p>#ESPECT\u00c1CULOS | Ingrid Coronado lleg\u00f3 como conductora del programa \u00abSale el Sol\u00bb en mayo, y a finales de diciembre ser\u00e1 su \u00faltima aparici\u00f3n, quedar\u00e1 fuera del proyecto con el que regres\u00f3 a la pantalla chica tras seis a\u00f1os de ausencia.<\/p>\n<p>Aunque esta versi\u00f3n a\u00fan no se ha hecho oficial, aseguran que se trata de una cuesti\u00f3n de presupuesto y ajustes en la producci\u00f3n, por lo que Coronado estar\u00eda en sus \u00faltimas semanas en el matutino de Imagen Televisi\u00f3n, pues ser\u00eda el d\u00eda 20 su \u00faltima aparici\u00f3n.<\/p>\n<p>Ingrid ha hecho la mayor parte de su carrera en televisi\u00f3n, TV Azteca ha sido su casa durante muchos a\u00f1os, fue ah\u00ed donde conoci\u00f3 a su exmarido Fernando del Solar, fallecido el 30 de junio de 2022, con quien tuvo dos hijos, Luciano y Paolo.<\/p>\n<p>A la par de la televisi\u00f3n, Ingrid se desempe\u00f1a como conductora de radio y escritora.<\/p>\n<p>Quer\u00edan a Adri\u00e1n Marcelo en \u00abSale el Sol\u00bb<br \/>\nImagen Televisi\u00f3n s\u00ed busc\u00f3 a Adri\u00e1n Marcelo para que se sumara a sus filas, espec\u00edficamente en el programa \u00abSale el Sol\u00bb, pero el regiomontano rechaz\u00f3 la oferta por lo poco que le ofrecieron, as\u00ed lo cont\u00f3, muy a su estilo, a Franco Escamilla para el podcast \u00abDesde el cerro de la silla\u00bb.<\/p>\n<p>\u00abImagen me dijo: \u2018\u00bfQuieres venir a hacer Sale el Sol?\u2019. Me dijo lo que me ofrec\u00edan y les dije: \u2018Te lo doy a ti para que no me hables; te voy a estar dando esto por semana y no me hables\u00bb, expres\u00f3 entre risas.<\/p>\n<p>Mark Tacher, Paulina Mercado y Mauricio Islas encabezan la conducci\u00f3n actual del matutino que se renovar\u00e1 en las pr\u00f3ximas semanas, y aunque Ingrid Coronado tuvo un buen recibimiento, fueron comentados dos temas durante estos meses: aclar\u00f3 que no le baj\u00f3 el novio a Claudia Lizaldi y fue criticada por \u00abfalta de seriedad\u00bb en la cobertura de la muerte de Ver\u00f3nica Toussaint.<\/p>\n","protected":false},"excerpt":{"rendered":"<p>\ud83d\udd38 El matutino prepara cambios en su plantilla; quer\u00edan sumar a sus filas a Adri\u00e1n&#8230;<\/p>\n","protected":false},"author":1,"featured_media":26974,"comment_status":"open","ping_status":"closed","sticky":false,"template":"","format":"standard","meta":{"footnotes":""},"categories":[4],"tags":[],"class_list":["post-26972","post","type-post","status-publish","format-standard","has-post-thumbnail","hentry","category-espectaculos"],"_links":{"self":[{"href":"https:\/\/sacramentoqr.com\/index.php?rest_route=\/wp\/v2\/posts\/26972","targetHints":{"allow":["GET"]}}],"collection":[{"href":"https:\/\/sacramentoqr.com\/index.php?rest_route=\/wp\/v2\/posts"}],"about":[{"href":"https:\/\/sacramentoqr.com\/index.php?rest_route=\/wp\/v2\/types\/post"}],"author":[{"embeddable":true,"href":"https:\/\/sacramentoqr.com\/index.php?rest_route=\/wp\/v2\/users\/1"}],"replies":[{"embeddable":true,"href":"https:\/\/sacramentoqr.com\/index.php?rest_route=%2Fwp%2Fv2%2Fcomments&post=26972"}],"version-history":[{"count":1,"href":"https:\/\/sacramentoqr.com\/index.php?rest_route=\/wp\/v2\/posts\/26972\/revisions"}],"predecessor-version":[{"id":26973,"href":"https:\/\/sacramentoqr.com\/index.php?rest_route=\/wp\/v2\/posts\/26972\/revisions\/26973"}],"wp:featuredmedia":[{"embeddable":true,"href":"https:\/\/sacramentoqr.com\/index.php?rest_route=\/wp\/v2\/media\/26974"}],"wp:attachment":[{"href":"https:\/\/sacramentoqr.com\/index.php?rest_route=%2Fwp%2Fv2%2Fmedia&parent=26972"}],"wp:term":[{"taxonomy":"category","embeddable":true,"href":"https:\/\/sacramentoqr.com\/index.php?rest_route=%2Fwp%2Fv2%2Fcategories&post=26972"},{"taxonomy":"post_tag","embeddable":true,"href":"https:\/\/sacramentoqr.com\/index.php?rest_route=%2Fwp%2Fv2%2Ftags&post=26972"}],"curies":[{"name":"wp","href":"https:\/\/api.w.org\/{rel}","templated":true}]}}