{"id":27034,"date":"2024-12-16T12:06:06","date_gmt":"2024-12-16T17:06:06","guid":{"rendered":"https:\/\/sacramentoqr.com\/?p=27034"},"modified":"2024-12-16T17:06:07","modified_gmt":"2024-12-16T17:06:07","slug":"alejandro-fernandez-aclara-rumores-de-ser-homosexual-curadisimo-de-espanto","status":"publish","type":"post","link":"https:\/\/sacramentoqr.com\/?p=27034","title":{"rendered":"Alejandro Fern\u00e1ndez aclara rumores de ser homosexual: \u201cCurad\u00edsimo de espanto\u201d"},"content":{"rendered":"<p>\ud83d\udd38 El Potrillo responde a los comentarios sobre su orientaci\u00f3n sexual que han circulado en redes sociales<\/p>\n<p>#ESPECT\u00c1CULOS | La vida personal de Alejandro Fern\u00e1ndez, hijo del fallecido cantante Vicente Fern\u00e1ndez, ha sido objeto de escrutinio p\u00fablico, especialmente en relaci\u00f3n a su orientaci\u00f3n sexual, con rumores y especulaciones que han circulado durante a\u00f1os. Esta atenci\u00f3n se debe a su fama internacional y a su conexi\u00f3n con la dinast\u00eda Fern\u00e1ndez.<\/p>\n<p>A pesar de su relaci\u00f3n actual con Karla Laveaga, Alejandro Fern\u00e1ndez ha enfrentado dudas sobre su orientaci\u00f3n sexual. En un reciente encuentro con la prensa, abord\u00f3 el tema directamente por primera vez, tras ser cuestionado por un reportero sobre los rumores al respecto.<\/p>\n<p>\u00ab\u00a1Ay cabr*n! Nunca hab\u00eda escuchado eso, pues que tengan ganas de darse conmigo es muy diferente\u00bb, expres\u00f3 el cantante.<\/p>\n<p>Alejandro Fern\u00e1ndez habl\u00f3 sobre c\u00f3mo maneja los rumores sobre su vida privada, afirmando que es una persona \u00abderecha\u00bb y que le importa poco lo que se diga de \u00e9l.<\/p>\n<p>\u00abYo soy muy derecho y curad\u00edsimo de espanto de todo lo que se diga o se haya dicho de m\u00ed\u00bb coment\u00f3 Alejandro.<\/p>\n<p>Alejandro Fern\u00e1ndez concluye a\u00f1os de especulaci\u00f3n y demuestra que est\u00e1 acostumbrado a manejar la presi\u00f3n medi\u00e1tica, a pesar de ser objeto de frecuentes se\u00f1alamientos.<\/p>\n<p>Alejandro Fern\u00e1ndez es un reconocido cantante mexicano, famoso por su m\u00fasica ranchera y pop latino. Nacido el 24 de abril de 1971 en Guadalajara, Jalisco, es hijo del famoso cantante Vicente Fern\u00e1ndez. A lo largo de su carrera, ha lanzado numerosos \u00e1lbumes y ha recibido varios premios, consolid\u00e1ndose como una figura importante en la m\u00fasica latina. Su estilo combina tradici\u00f3n y modernidad, lo que le ha permitido atraer a una amplia audiencia.<\/p>\n","protected":false},"excerpt":{"rendered":"<p>\ud83d\udd38 El Potrillo responde a los comentarios sobre su orientaci\u00f3n sexual que han circulado en&#8230;<\/p>\n","protected":false},"author":1,"featured_media":27036,"comment_status":"open","ping_status":"closed","sticky":false,"template":"","format":"standard","meta":{"footnotes":""},"categories":[4],"tags":[],"class_list":["post-27034","post","type-post","status-publish","format-standard","has-post-thumbnail","hentry","category-espectaculos"],"_links":{"self":[{"href":"https:\/\/sacramentoqr.com\/index.php?rest_route=\/wp\/v2\/posts\/27034","targetHints":{"allow":["GET"]}}],"collection":[{"href":"https:\/\/sacramentoqr.com\/index.php?rest_route=\/wp\/v2\/posts"}],"about":[{"href":"https:\/\/sacramentoqr.com\/index.php?rest_route=\/wp\/v2\/types\/post"}],"author":[{"embeddable":true,"href":"https:\/\/sacramentoqr.com\/index.php?rest_route=\/wp\/v2\/users\/1"}],"replies":[{"embeddable":true,"href":"https:\/\/sacramentoqr.com\/index.php?rest_route=%2Fwp%2Fv2%2Fcomments&post=27034"}],"version-history":[{"count":1,"href":"https:\/\/sacramentoqr.com\/index.php?rest_route=\/wp\/v2\/posts\/27034\/revisions"}],"predecessor-version":[{"id":27035,"href":"https:\/\/sacramentoqr.com\/index.php?rest_route=\/wp\/v2\/posts\/27034\/revisions\/27035"}],"wp:featuredmedia":[{"embeddable":true,"href":"https:\/\/sacramentoqr.com\/index.php?rest_route=\/wp\/v2\/media\/27036"}],"wp:attachment":[{"href":"https:\/\/sacramentoqr.com\/index.php?rest_route=%2Fwp%2Fv2%2Fmedia&parent=27034"}],"wp:term":[{"taxonomy":"category","embeddable":true,"href":"https:\/\/sacramentoqr.com\/index.php?rest_route=%2Fwp%2Fv2%2Fcategories&post=27034"},{"taxonomy":"post_tag","embeddable":true,"href":"https:\/\/sacramentoqr.com\/index.php?rest_route=%2Fwp%2Fv2%2Ftags&post=27034"}],"curies":[{"name":"wp","href":"https:\/\/api.w.org\/{rel}","templated":true}]}}