{"id":27040,"date":"2024-12-16T12:10:54","date_gmt":"2024-12-16T17:10:54","guid":{"rendered":"https:\/\/sacramentoqr.com\/?p=27040"},"modified":"2024-12-16T17:10:55","modified_gmt":"2024-12-16T17:10:55","slug":"salud-de-yolanda-andrade-se-complica","status":"publish","type":"post","link":"https:\/\/sacramentoqr.com\/?p=27040","title":{"rendered":"Salud de Yolanda Andrade se complica"},"content":{"rendered":"<p>\ud83d\udd38 La conductora mexicana lucha contra problemas de salud graves relacionados con el cerebro, que afectan su voz y movilidad.<\/p>\n<p>#ESPECT\u00c1CULOS | Yolanda Andrade, reconocida conductora mexicana, atraviesa un complicado momento de salud tras revelar entre l\u00e1grimas que enfrenta un problema neurol\u00f3gico que afecta su habla y movilidad. Actualmente, se encuentra en tratamiento en el Cedars-Sinai Medical Center en Los \u00c1ngeles, California.<\/p>\n<p>En un evento realizado a finales de noviembre, Andrade confes\u00f3 p\u00fablicamente que algo estaba mal en su cerebro. La conductora detall\u00f3 que comenz\u00f3 a experimentar s\u00edntomas de forma repentina, incluyendo: Dificultades para hablar, Problemas de movilidad, Sangrados inexplicables, Sensibilidad extrema a la luz y Par\u00e1lisis facial, incluyendo la ca\u00edda de un ojo.<\/p>\n<p>Andrade explic\u00f3 que, a pesar de sus problemas de salud, continuaba trabajando en programas que le daban \u00e1nimo y motivaci\u00f3n.<\/p>\n<p>De acuerdo con el periodista argentino Javier Ceriani, quien recientemente habl\u00f3 sobre su situaci\u00f3n, Yolanda Andrade est\u00e1 perdiendo la voz y enfrenta serias complicaciones de salud.<\/p>\n<p>Seg\u00fan Ceriani, la conductora se encuentra en Beverly Hills y recibe atenci\u00f3n especializada en el Cedars-Sinai Medical Center, uno de los hospitales m\u00e1s prestigiosos de Los \u00c1ngeles.<\/p>\n<p>Ceriani afirm\u00f3: \u201cYolanda est\u00e1 perdiendo la voz\u2026 est\u00e1 muy grave, pero sigue con buen \u00e1nimo, tratando de mantenerse activa\u201d.<\/p>\n<p>Hasta el momento, ni Yolanda Andrade ni su familia han emitido declaraciones oficiales sobre la gravedad de su condici\u00f3n.<\/p>\n<p>En medio de estas revelaciones, Ceriani tambi\u00e9n especul\u00f3 sobre un posible \u201ctrabajo o brujer\u00eda\u201d que supuestamente habr\u00eda afectado a Andrade, se\u00f1alando a la actriz Ver\u00f3nica Castro como origen de estos rumores. Sin embargo, estas declaraciones no han sido confirmadas por la conductora ni su entorno cercano.<\/p>\n<p>Antes de su viaje a Los \u00c1ngeles, Yolanda Andrade comparti\u00f3 un comunicado en el que se despidi\u00f3 temporalmente de sus seguidores, prometiendo regresar al cien por ciento una vez superados sus problemas de salud.<\/p>\n<p>\u201cAlgo me sucedi\u00f3 en mi cerebro que me causa problemas de habla y motriz\u2026 Me ir\u00e9 a un hospital para hacerme otros chequeos y buscar una soluci\u00f3n\u201d, expres\u00f3 Andrade.<\/p>\n<p>La situaci\u00f3n ha generado preocupaci\u00f3n entre sus seguidores y compa\u00f1eros del medio, quienes le han enviado mensajes de apoyo. Yolanda Andrade contin\u00faa enfrentando su condici\u00f3n con determinaci\u00f3n, mientras sigue en busca de respuestas y tratamientos que le permitan recuperar su calidad de vida.<\/p>\n<p>El p\u00fablico permanece atento a cualquier actualizaci\u00f3n sobre su estado de salud, con la esperanza de una pronta recuperaci\u00f3n para la querida conductora.<\/p>\n","protected":false},"excerpt":{"rendered":"<p>\ud83d\udd38 La conductora mexicana lucha contra problemas de salud graves relacionados con el cerebro, que&#8230;<\/p>\n","protected":false},"author":1,"featured_media":27042,"comment_status":"open","ping_status":"closed","sticky":false,"template":"","format":"standard","meta":{"footnotes":""},"categories":[4],"tags":[],"class_list":["post-27040","post","type-post","status-publish","format-standard","has-post-thumbnail","hentry","category-espectaculos"],"_links":{"self":[{"href":"https:\/\/sacramentoqr.com\/index.php?rest_route=\/wp\/v2\/posts\/27040","targetHints":{"allow":["GET"]}}],"collection":[{"href":"https:\/\/sacramentoqr.com\/index.php?rest_route=\/wp\/v2\/posts"}],"about":[{"href":"https:\/\/sacramentoqr.com\/index.php?rest_route=\/wp\/v2\/types\/post"}],"author":[{"embeddable":true,"href":"https:\/\/sacramentoqr.com\/index.php?rest_route=\/wp\/v2\/users\/1"}],"replies":[{"embeddable":true,"href":"https:\/\/sacramentoqr.com\/index.php?rest_route=%2Fwp%2Fv2%2Fcomments&post=27040"}],"version-history":[{"count":1,"href":"https:\/\/sacramentoqr.com\/index.php?rest_route=\/wp\/v2\/posts\/27040\/revisions"}],"predecessor-version":[{"id":27041,"href":"https:\/\/sacramentoqr.com\/index.php?rest_route=\/wp\/v2\/posts\/27040\/revisions\/27041"}],"wp:featuredmedia":[{"embeddable":true,"href":"https:\/\/sacramentoqr.com\/index.php?rest_route=\/wp\/v2\/media\/27042"}],"wp:attachment":[{"href":"https:\/\/sacramentoqr.com\/index.php?rest_route=%2Fwp%2Fv2%2Fmedia&parent=27040"}],"wp:term":[{"taxonomy":"category","embeddable":true,"href":"https:\/\/sacramentoqr.com\/index.php?rest_route=%2Fwp%2Fv2%2Fcategories&post=27040"},{"taxonomy":"post_tag","embeddable":true,"href":"https:\/\/sacramentoqr.com\/index.php?rest_route=%2Fwp%2Fv2%2Ftags&post=27040"}],"curies":[{"name":"wp","href":"https:\/\/api.w.org\/{rel}","templated":true}]}}