{"id":27068,"date":"2024-12-18T10:57:18","date_gmt":"2024-12-18T15:57:18","guid":{"rendered":"https:\/\/sacramentoqr.com\/?p=27068"},"modified":"2024-12-18T15:57:19","modified_gmt":"2024-12-18T15:57:19","slug":"tom-cruise-es-reconocido-con-el-maximo-honor-de-la-marina-de-eu-por-su-trabajo-en-top-gun","status":"publish","type":"post","link":"https:\/\/sacramentoqr.com\/?p=27068","title":{"rendered":"Tom Cruise es reconocido con el m\u00e1ximo honor de la Marina de EU por su trabajo en &#8216;Top Gun&#8217;"},"content":{"rendered":"<p>\ud83d\udd38 El actor ha sido galardonado con el Premio al Servicio P\u00fablico Distinguido por la Armada, en reconocimiento a su impacto en las pel\u00edculas<\/p>\n<p>Tom Cruise, conocido por su larga trayectoria en el cine y su destacada participaci\u00f3n en pel\u00edculas de tem\u00e1tica militar, ha sido honrado con el Premio al Servicio P\u00fablico Distinguido por parte de la Marina de Estados Unidos.<\/p>\n<p>Este galard\u00f3n, que representa la m\u00e1xima condecoraci\u00f3n civil otorgada por la Armada de Estados Unidos, le fue entregado en reconocimiento a su \u00abdestacada contribuci\u00f3n\u00bb a trav\u00e9s de pel\u00edculas como Top Gun, Nacido el 4 de julio, Algunos hombres buenos y Top Gun: Maverick.<\/p>\n<p>La ceremonia tuvo lugar en los estudios Longcross, ubicados cerca de Londres, donde Cruise se encuentra actualmente filmando. El reconocimiento fue entregado personalmente por Carlos Del Toro, secretario de la Armada estadunidense.<br \/>\nLa ceremonia destac\u00f3 no solo la relevancia de las pel\u00edculas de Cruise, sino tambi\u00e9n su impacto en la percepci\u00f3n p\u00fablica de las fuerzas armadas.<\/p>\n<p>Tom Cruise agradece el reconocimiento<br \/>\nDurante el evento, el actor, que recientemente cumpli\u00f3 62 a\u00f1os, expres\u00f3 su profundo orgullo por recibir este prestigioso reconocimiento.<\/p>\n<p>\u201cAdmiro a todos los hombres y mujeres en servicio\u00bb, afirm\u00f3 Tom Cruise, quien tambi\u00e9n recibi\u00f3 una medalla y un certificado como parte del homenaje.<br \/>\nEl actor aprovech\u00f3 el momento para reflexionar sobre el liderazgo y el servicio.<\/p>\n<p>\u201cS\u00e9 que en la vida algo que es muy cierto para m\u00ed es que liderar es servir. Y lo s\u00e9 hasta la m\u00e9dula. Y eso lo veo en los hombres y mujeres militares\u201d.<\/p>\n<p>Por su parte, la Marina de Estados Unidos resalt\u00f3 c\u00f3mo el trabajo de Tom Cruise ha contribuido significativamente a aumentar la conciencia p\u00fablica sobre el sacrificio y la dedicaci\u00f3n del personal militar.<\/p>\n<p>\u201cHa aumentado la conciencia p\u00fablica y el aprecio por nuestro personal altamente capacitado y los sacrificios que hacen mientras est\u00e1n en uniforme\u201d, se\u00f1al\u00f3 la instituci\u00f3n.<\/p>\n<p>El legado de \u2018Top Gun\u2019 en el cine y la sociedad<br \/>\nDesde el lanzamiento de Top Gun en 1986, la pel\u00edcula no solo se convirti\u00f3 en un fen\u00f3meno de taquilla, sino que tambi\u00e9n influy\u00f3 en la percepci\u00f3n de las fuerzas armadas estadounidenses.<\/p>\n<p>La cinta impuls\u00f3 el alistamiento militar, al punto de que la Armada instal\u00f3 mesas de reclutamiento en los cines. D\u00e9cadas despu\u00e9s, la secuela Top Gun: Maverick, estrenada en 2022, logr\u00f3 revivir ese inter\u00e9s y captar a una nueva generaci\u00f3n de espectadores.<\/p>\n<p>La Marina destac\u00f3 que la secuela \u201ctrajo nostalgia al p\u00fablico de m\u00e1s edad y revitaliz\u00f3 las mentes de los miembros m\u00e1s nuevos de la audiencia, lo que dirigi\u00f3 eficazmente el inter\u00e9s de un p\u00fablico m\u00e1s joven en los conjuntos de habilidades y oportunidades que la Armada puede proporcionar\u201d.<\/p>\n<p>Adem\u00e1s de su contribuci\u00f3n al cine militar, Tom Cruise sigue siendo una de las figuras m\u00e1s importantes de Hollywood. Su pr\u00f3xima pel\u00edcula, Misi\u00f3n imposible: Sentencia final, est\u00e1 programada para llegar a los cines en mayo de 2025, continuando con su legado de acci\u00f3n y aventuras.<\/p>\n","protected":false},"excerpt":{"rendered":"<p>\ud83d\udd38 El actor ha sido galardonado con el Premio al Servicio P\u00fablico Distinguido por la&#8230;<\/p>\n","protected":false},"author":1,"featured_media":27070,"comment_status":"open","ping_status":"closed","sticky":false,"template":"","format":"standard","meta":{"footnotes":""},"categories":[4],"tags":[],"class_list":["post-27068","post","type-post","status-publish","format-standard","has-post-thumbnail","hentry","category-espectaculos"],"_links":{"self":[{"href":"https:\/\/sacramentoqr.com\/index.php?rest_route=\/wp\/v2\/posts\/27068","targetHints":{"allow":["GET"]}}],"collection":[{"href":"https:\/\/sacramentoqr.com\/index.php?rest_route=\/wp\/v2\/posts"}],"about":[{"href":"https:\/\/sacramentoqr.com\/index.php?rest_route=\/wp\/v2\/types\/post"}],"author":[{"embeddable":true,"href":"https:\/\/sacramentoqr.com\/index.php?rest_route=\/wp\/v2\/users\/1"}],"replies":[{"embeddable":true,"href":"https:\/\/sacramentoqr.com\/index.php?rest_route=%2Fwp%2Fv2%2Fcomments&post=27068"}],"version-history":[{"count":1,"href":"https:\/\/sacramentoqr.com\/index.php?rest_route=\/wp\/v2\/posts\/27068\/revisions"}],"predecessor-version":[{"id":27069,"href":"https:\/\/sacramentoqr.com\/index.php?rest_route=\/wp\/v2\/posts\/27068\/revisions\/27069"}],"wp:featuredmedia":[{"embeddable":true,"href":"https:\/\/sacramentoqr.com\/index.php?rest_route=\/wp\/v2\/media\/27070"}],"wp:attachment":[{"href":"https:\/\/sacramentoqr.com\/index.php?rest_route=%2Fwp%2Fv2%2Fmedia&parent=27068"}],"wp:term":[{"taxonomy":"category","embeddable":true,"href":"https:\/\/sacramentoqr.com\/index.php?rest_route=%2Fwp%2Fv2%2Fcategories&post=27068"},{"taxonomy":"post_tag","embeddable":true,"href":"https:\/\/sacramentoqr.com\/index.php?rest_route=%2Fwp%2Fv2%2Ftags&post=27068"}],"curies":[{"name":"wp","href":"https:\/\/api.w.org\/{rel}","templated":true}]}}