{"id":27088,"date":"2024-12-19T11:46:43","date_gmt":"2024-12-19T16:46:43","guid":{"rendered":"https:\/\/sacramentoqr.com\/?p=27088"},"modified":"2024-12-19T16:46:45","modified_gmt":"2024-12-19T16:46:45","slug":"elvia-eguia-se-reune-con-el-gobernador-americo-villarreal-en-casa-tamaulipas","status":"publish","type":"post","link":"https:\/\/sacramentoqr.com\/?p=27088","title":{"rendered":"Elvia Eguia se re\u00fane con el Gobernador Am\u00e9rico Villarreal en Casa Tamaulipas"},"content":{"rendered":"<p>\ud83d\udd38 La Diputada Local destac\u00f3 la dedicaci\u00f3n del Gobernador y su esposa en su trabajo por el bienestar de los tamaulipecos<\/p>\n<p>#TAMAULIPAS | La Diputada local por Tamaulipas, Elvia Eguia, expres\u00f3 su satisfacci\u00f3n al saludar al Gobernador del Estado, Dr. Am\u00e9rico Villarreal Anaya, y a su esposa, la Dra. Mar\u00eda de Villarreal, durante una reciente reuni\u00f3n en la que destac\u00f3 el compromiso y esfuerzo de ambos por mejorar las condiciones de vida de los tamaulipecos.<\/p>\n<p>\u201cUn gusto poder saludar a nuestro querido Gobernador y a la Dra. Mar\u00eda de Villarreal. Son dos grandes seres humanos que est\u00e1n trabajando arduamente por el bienestar de todas y todos los tamaulipecos\u201d, mencion\u00f3 Eguia.<\/p>\n<p>La legisladora subray\u00f3 la importancia de la colaboraci\u00f3n estrecha entre el Congreso y el Gobierno del Estado para impulsar pol\u00edticas y proyectos que respondan a las necesidades de la poblaci\u00f3n. Con esta reuni\u00f3n, se reafirma el compromiso de trabajar juntos para lograr un Tamaulipas m\u00e1s justo y pr\u00f3spero.<\/p>\n","protected":false},"excerpt":{"rendered":"<p>\ud83d\udd38 La Diputada Local destac\u00f3 la dedicaci\u00f3n del Gobernador y su esposa en su trabajo&#8230;<\/p>\n","protected":false},"author":1,"featured_media":27090,"comment_status":"open","ping_status":"closed","sticky":false,"template":"","format":"standard","meta":{"footnotes":""},"categories":[40],"tags":[],"class_list":["post-27088","post","type-post","status-publish","format-standard","has-post-thumbnail","hentry","category-tamaulipas"],"_links":{"self":[{"href":"https:\/\/sacramentoqr.com\/index.php?rest_route=\/wp\/v2\/posts\/27088","targetHints":{"allow":["GET"]}}],"collection":[{"href":"https:\/\/sacramentoqr.com\/index.php?rest_route=\/wp\/v2\/posts"}],"about":[{"href":"https:\/\/sacramentoqr.com\/index.php?rest_route=\/wp\/v2\/types\/post"}],"author":[{"embeddable":true,"href":"https:\/\/sacramentoqr.com\/index.php?rest_route=\/wp\/v2\/users\/1"}],"replies":[{"embeddable":true,"href":"https:\/\/sacramentoqr.com\/index.php?rest_route=%2Fwp%2Fv2%2Fcomments&post=27088"}],"version-history":[{"count":1,"href":"https:\/\/sacramentoqr.com\/index.php?rest_route=\/wp\/v2\/posts\/27088\/revisions"}],"predecessor-version":[{"id":27089,"href":"https:\/\/sacramentoqr.com\/index.php?rest_route=\/wp\/v2\/posts\/27088\/revisions\/27089"}],"wp:featuredmedia":[{"embeddable":true,"href":"https:\/\/sacramentoqr.com\/index.php?rest_route=\/wp\/v2\/media\/27090"}],"wp:attachment":[{"href":"https:\/\/sacramentoqr.com\/index.php?rest_route=%2Fwp%2Fv2%2Fmedia&parent=27088"}],"wp:term":[{"taxonomy":"category","embeddable":true,"href":"https:\/\/sacramentoqr.com\/index.php?rest_route=%2Fwp%2Fv2%2Fcategories&post=27088"},{"taxonomy":"post_tag","embeddable":true,"href":"https:\/\/sacramentoqr.com\/index.php?rest_route=%2Fwp%2Fv2%2Ftags&post=27088"}],"curies":[{"name":"wp","href":"https:\/\/api.w.org\/{rel}","templated":true}]}}