{"id":27105,"date":"2024-12-20T13:08:32","date_gmt":"2024-12-20T18:08:32","guid":{"rendered":"https:\/\/sacramentoqr.com\/?p=27105"},"modified":"2024-12-20T18:08:33","modified_gmt":"2024-12-20T18:08:33","slug":"villa-rica-vuelve-a-ser-destino-para-turistas-tras-rehabilitacion-de-carretera-cardel-poza-rica","status":"publish","type":"post","link":"https:\/\/sacramentoqr.com\/?p=27105","title":{"rendered":"Villa Rica vuelve a ser destino para turistas tras rehabilitaci\u00f3n de carretera Cardel- Poza Rica"},"content":{"rendered":"<p>\ud83d\udd38 Prestadores de servicios invitan a pasar las vacaciones decembrinas en las playas de este sitio<\/p>\n<p>#ACTOPAN | La rehabilitaci\u00f3n del camino al poblado Villa Rica, del municipio de Actopan, permite que el turismo pueda llegar a esa localidad para disfrutar de la playa, de la gastronom\u00eda y de sus hermosos paisajes naturales, sostiene Rafael Arroyo, prestador de servicios tur\u00edsticos.<\/p>\n<p>El pasado 15 de noviembre, trabajadores del Ayuntamiento de Actopan comenzaron con la reparaci\u00f3n de ese camino, pues a causa de las lluvias pasadas hubo un hundimiento y da\u00f1os en un puente.<\/p>\n<p>Lo anterior provoc\u00f3 que el acceso estuviera totalmente bloqueado hacia la comunidad tur\u00edstica de Villa Rica, lo que limit\u00f3 la entrada de recursos econ\u00f3micos a los restauranteros y prestadores de servicio de ese lugar, pues tambi\u00e9n hab\u00eda dos hundimientos a lo largo del camino.<\/p>\n<p>Habitantes solicitaron el apoyo del Ayuntamiento de Actopan para que el tramo carretero fuera reparado. Las obras de rehabilitaci\u00f3n a\u00fan se llevan a cabo, sin embargo, seg\u00fan Rafael Arroyo, hay acceso para que los visitantes puedan disfrutar de las vacaciones decembrinas en Villa Rica, se\u00f1ala.<\/p>\n<p>Cerca de ese lugar, en la carretera Cardel-Poza Rica, a la altura del Cerro de los Metates, tambi\u00e9n se form\u00f3 un socav\u00f3n a causa de la falla en una alcantarilla, el 11 de noviembre. Los da\u00f1os bloquearon totalmente el paso vehicular y el Gobierno del Estado y el Ayuntamiento de Actopan trabajaron para improvisar un camino alterno a trav\u00e9s de potreros.<\/p>\n<p>Cuatro d\u00edas despu\u00e9s, la Secretar\u00eda de Infraestructura Comunicaciones y Transportes (SICT) instal\u00f3 cajones y una rampa de acero, lo que permiti\u00f3 nuevamente el acceso vehicular.<\/p>\n<p>Actualmente, la circulaci\u00f3n es fluida, aunque ese tramo es considerado como de riesgo a causa de los baches que se formaron, dice Jorge Callejas Grajales, integrante de la Comisi\u00f3n Nacional de Emergencia Palma Sola.<\/p>\n<p>Con el inicio de las vacaciones decembrinas, \u201cposiblemente la cantidad de turistas aumente estos d\u00edas y por ello hay una guardia permanente de parte de corporaciones de auxilio\u201d en la carretera Cardel-Poza Rica, puntualiza.<\/p>\n","protected":false},"excerpt":{"rendered":"<p>\ud83d\udd38 Prestadores de servicios invitan a pasar las vacaciones decembrinas en las playas de este&#8230;<\/p>\n","protected":false},"author":1,"featured_media":27107,"comment_status":"open","ping_status":"closed","sticky":false,"template":"","format":"standard","meta":{"footnotes":""},"categories":[36],"tags":[],"class_list":["post-27105","post","type-post","status-publish","format-standard","has-post-thumbnail","hentry","category-veracruz"],"_links":{"self":[{"href":"https:\/\/sacramentoqr.com\/index.php?rest_route=\/wp\/v2\/posts\/27105","targetHints":{"allow":["GET"]}}],"collection":[{"href":"https:\/\/sacramentoqr.com\/index.php?rest_route=\/wp\/v2\/posts"}],"about":[{"href":"https:\/\/sacramentoqr.com\/index.php?rest_route=\/wp\/v2\/types\/post"}],"author":[{"embeddable":true,"href":"https:\/\/sacramentoqr.com\/index.php?rest_route=\/wp\/v2\/users\/1"}],"replies":[{"embeddable":true,"href":"https:\/\/sacramentoqr.com\/index.php?rest_route=%2Fwp%2Fv2%2Fcomments&post=27105"}],"version-history":[{"count":1,"href":"https:\/\/sacramentoqr.com\/index.php?rest_route=\/wp\/v2\/posts\/27105\/revisions"}],"predecessor-version":[{"id":27106,"href":"https:\/\/sacramentoqr.com\/index.php?rest_route=\/wp\/v2\/posts\/27105\/revisions\/27106"}],"wp:featuredmedia":[{"embeddable":true,"href":"https:\/\/sacramentoqr.com\/index.php?rest_route=\/wp\/v2\/media\/27107"}],"wp:attachment":[{"href":"https:\/\/sacramentoqr.com\/index.php?rest_route=%2Fwp%2Fv2%2Fmedia&parent=27105"}],"wp:term":[{"taxonomy":"category","embeddable":true,"href":"https:\/\/sacramentoqr.com\/index.php?rest_route=%2Fwp%2Fv2%2Fcategories&post=27105"},{"taxonomy":"post_tag","embeddable":true,"href":"https:\/\/sacramentoqr.com\/index.php?rest_route=%2Fwp%2Fv2%2Ftags&post=27105"}],"curies":[{"name":"wp","href":"https:\/\/api.w.org\/{rel}","templated":true}]}}