{"id":27111,"date":"2024-12-20T13:12:04","date_gmt":"2024-12-20T18:12:04","guid":{"rendered":"https:\/\/sacramentoqr.com\/?p=27111"},"modified":"2024-12-20T18:12:05","modified_gmt":"2024-12-20T18:12:05","slug":"ricardo-monreal-celebra-publicacion-en-el-dof-de-reforma-que-garantiza-el-derecho-a-un-asiento-para-trabajadores","status":"publish","type":"post","link":"https:\/\/sacramentoqr.com\/?p=27111","title":{"rendered":"Ricardo Monreal celebra publicaci\u00f3n en el DOF de reforma que garantiza el derecho a un asiento para trabajadores"},"content":{"rendered":"<p>\ud83d\udd38 La reforma busca mejorar las condiciones laborales al reconocer el derecho de los trabajadores a contar con un asiento durante sus labores, promoviendo as\u00ed la dignidad y el bienestar en el entorno laboral<\/p>\n<p>CDMX | Ricardo Monreal, presidente de la Junta de Coordinaci\u00f3n Pol\u00edtica de la C\u00e1mara de Diputados y coordinador de la fracci\u00f3n parlamentaria de Morena, celebr\u00f3 la publicaci\u00f3n en el Diario Oficial de la Federaci\u00f3n (DOF) del decreto que garantiza el derecho a un asiento para quienes desempe\u00f1an sus labores.<\/p>\n<p>La reforma, que fue impulsada por Monreal y su equipo, establece que los trabajadores, en el \u00e1mbito laboral, tendr\u00e1n derecho a un asiento mientras desempe\u00f1an sus actividades. Esta medida, subray\u00f3 el legislador, es una victoria para los derechos laborales y la dignidad de los trabajadores, quienes ahora cuentan con un respaldo legal para asegurar condiciones m\u00e1s justas en sus espacios de trabajo.<\/p>\n<p>\u00abAgradezco el apoyo de los grupos parlamentarios, quienes hicieron posible este avance. La dignidad y los derechos laborales siempre ser\u00e1n nuestra prioridad, y esta reforma es un paso m\u00e1s para mejorar la calidad de vida de quienes hacen posible el funcionamiento del pa\u00eds\u00bb, destac\u00f3 Monreal en un comunicado.<\/p>\n<p>Con esta reforma, se busca reconocer la importancia de mejorar las condiciones laborales, favoreciendo la salud y bienestar de los trabajadores, as\u00ed como promover un entorno laboral m\u00e1s inclusivo y respetuoso.<\/p>\n","protected":false},"excerpt":{"rendered":"<p>\ud83d\udd38 La reforma busca mejorar las condiciones laborales al reconocer el derecho de los trabajadores&#8230;<\/p>\n","protected":false},"author":1,"featured_media":27113,"comment_status":"open","ping_status":"closed","sticky":false,"template":"","format":"standard","meta":{"footnotes":""},"categories":[17],"tags":[],"class_list":["post-27111","post","type-post","status-publish","format-standard","has-post-thumbnail","hentry","category-cdmx"],"_links":{"self":[{"href":"https:\/\/sacramentoqr.com\/index.php?rest_route=\/wp\/v2\/posts\/27111","targetHints":{"allow":["GET"]}}],"collection":[{"href":"https:\/\/sacramentoqr.com\/index.php?rest_route=\/wp\/v2\/posts"}],"about":[{"href":"https:\/\/sacramentoqr.com\/index.php?rest_route=\/wp\/v2\/types\/post"}],"author":[{"embeddable":true,"href":"https:\/\/sacramentoqr.com\/index.php?rest_route=\/wp\/v2\/users\/1"}],"replies":[{"embeddable":true,"href":"https:\/\/sacramentoqr.com\/index.php?rest_route=%2Fwp%2Fv2%2Fcomments&post=27111"}],"version-history":[{"count":1,"href":"https:\/\/sacramentoqr.com\/index.php?rest_route=\/wp\/v2\/posts\/27111\/revisions"}],"predecessor-version":[{"id":27112,"href":"https:\/\/sacramentoqr.com\/index.php?rest_route=\/wp\/v2\/posts\/27111\/revisions\/27112"}],"wp:featuredmedia":[{"embeddable":true,"href":"https:\/\/sacramentoqr.com\/index.php?rest_route=\/wp\/v2\/media\/27113"}],"wp:attachment":[{"href":"https:\/\/sacramentoqr.com\/index.php?rest_route=%2Fwp%2Fv2%2Fmedia&parent=27111"}],"wp:term":[{"taxonomy":"category","embeddable":true,"href":"https:\/\/sacramentoqr.com\/index.php?rest_route=%2Fwp%2Fv2%2Fcategories&post=27111"},{"taxonomy":"post_tag","embeddable":true,"href":"https:\/\/sacramentoqr.com\/index.php?rest_route=%2Fwp%2Fv2%2Ftags&post=27111"}],"curies":[{"name":"wp","href":"https:\/\/api.w.org\/{rel}","templated":true}]}}