{"id":27184,"date":"2024-12-23T13:01:26","date_gmt":"2024-12-23T18:01:26","guid":{"rendered":"https:\/\/sacramentoqr.com\/?p=27184"},"modified":"2024-12-23T18:01:41","modified_gmt":"2024-12-23T18:01:41","slug":"lilian-villanueva-asiste-a-la-entrega-de-certificaciones-en-lengua-maya-por-el-dia-nacional-de-la-cultura-maya","status":"publish","type":"post","link":"https:\/\/sacramentoqr.com\/?p=27184","title":{"rendered":"Lilian Villanueva asiste a la entrega de certificaciones en lengua maya por el D\u00eda Nacional de la Cultura Maya"},"content":{"rendered":"<p>\ud83d\udd38 La directora del Instituto de Cultura y Artes de Quintana Roo celebra la formaci\u00f3n de trabajadores para preservar la cultura maya y cumplir con el Nuevo Acuerdo de justicia social.<\/p>\n<p>#QUINTANAROO | En el marco de la celebraci\u00f3n del D\u00eda Nacional de la Cultura Maya, la directora general del Instituto de Cultura y Artes de Quintana Roo (ICA), Lilian Villanueva, asisti\u00f3 a la entrega de las \u201cCertificaciones en la Lengua Maya para el personal del Servicio P\u00fablico\u201d a 10 trabajadores del instituto, en un evento realizado en el 2024. La ceremonia, que estuvo presidida por la gobernadora Mara Lezama, tambi\u00e9n cont\u00f3 con el apoyo de la Universidad Intercultural Maya de Quintana Roo.<\/p>\n<p>Durante el evento, Villanueva destac\u00f3 la importancia de este tipo de certificaciones, que permiten a los empleados del ICA reforzar sus conocimientos de la lengua maya y realizar sus actividades laborales con un alto nivel de desempe\u00f1o. Este proyecto es parte de los esfuerzos para cumplir con el Nuevo Acuerdo del gobierno de Quintana Roo, cuyo objetivo es preservar la cultura maya y dignificar a los pueblos originarios mediante acciones de justicia social.<\/p>\n<p>\u00abEste tipo de iniciativas nos permiten seguir generando bienestar y prosperidad compartida, fortaleciendo nuestra identidad cultural y asegurando que las tradiciones y lenguas mayas contin\u00faen vivas en nuestra comunidad\u00bb, expres\u00f3 Villanueva. La entrega de las certificaciones reafirma el compromiso del ICA con la preservaci\u00f3n y promoci\u00f3n de la riqueza cultural de Quintana Roo, especialmente la lengua maya, como un patrimonio invaluable para las futuras generaciones.<\/p>\n","protected":false},"excerpt":{"rendered":"<p>\ud83d\udd38 La directora del Instituto de Cultura y Artes de Quintana Roo celebra la formaci\u00f3n&#8230;<\/p>\n","protected":false},"author":1,"featured_media":27186,"comment_status":"open","ping_status":"closed","sticky":false,"template":"","format":"standard","meta":{"footnotes":""},"categories":[10],"tags":[],"class_list":["post-27184","post","type-post","status-publish","format-standard","has-post-thumbnail","hentry","category-quintana-roo"],"_links":{"self":[{"href":"https:\/\/sacramentoqr.com\/index.php?rest_route=\/wp\/v2\/posts\/27184","targetHints":{"allow":["GET"]}}],"collection":[{"href":"https:\/\/sacramentoqr.com\/index.php?rest_route=\/wp\/v2\/posts"}],"about":[{"href":"https:\/\/sacramentoqr.com\/index.php?rest_route=\/wp\/v2\/types\/post"}],"author":[{"embeddable":true,"href":"https:\/\/sacramentoqr.com\/index.php?rest_route=\/wp\/v2\/users\/1"}],"replies":[{"embeddable":true,"href":"https:\/\/sacramentoqr.com\/index.php?rest_route=%2Fwp%2Fv2%2Fcomments&post=27184"}],"version-history":[{"count":1,"href":"https:\/\/sacramentoqr.com\/index.php?rest_route=\/wp\/v2\/posts\/27184\/revisions"}],"predecessor-version":[{"id":27185,"href":"https:\/\/sacramentoqr.com\/index.php?rest_route=\/wp\/v2\/posts\/27184\/revisions\/27185"}],"wp:featuredmedia":[{"embeddable":true,"href":"https:\/\/sacramentoqr.com\/index.php?rest_route=\/wp\/v2\/media\/27186"}],"wp:attachment":[{"href":"https:\/\/sacramentoqr.com\/index.php?rest_route=%2Fwp%2Fv2%2Fmedia&parent=27184"}],"wp:term":[{"taxonomy":"category","embeddable":true,"href":"https:\/\/sacramentoqr.com\/index.php?rest_route=%2Fwp%2Fv2%2Fcategories&post=27184"},{"taxonomy":"post_tag","embeddable":true,"href":"https:\/\/sacramentoqr.com\/index.php?rest_route=%2Fwp%2Fv2%2Ftags&post=27184"}],"curies":[{"name":"wp","href":"https:\/\/api.w.org\/{rel}","templated":true}]}}