{"id":27195,"date":"2024-12-24T11:14:03","date_gmt":"2024-12-24T16:14:03","guid":{"rendered":"https:\/\/sacramentoqr.com\/?p=27195"},"modified":"2024-12-24T16:14:05","modified_gmt":"2024-12-24T16:14:05","slug":"falla-tecnica-detuvo-todos-los-vuelos-de-american-airlines-en-plena-nochebuena","status":"publish","type":"post","link":"https:\/\/sacramentoqr.com\/?p=27195","title":{"rendered":"&#8216;Falla t\u00e9cnica&#8217; detuvo todos los vuelos de American Airlines en plena Nochebuena"},"content":{"rendered":"<p>\ud83d\udd38 La suspensi\u00f3n total de sus aviones dur\u00f3 alrededor de una hora; informaron que ya se reanud\u00f3 el servicio<\/p>\n<p>#INTERNACIONAL | Un \u00abproblema t\u00e9cnico\u00bb interrumpi\u00f3 los vuelos de American Airlines en todo Estados Unidos durante la ma\u00f1ana de este martes, dijo la aerol\u00ednea, al comienzo de una ajetreada Nochebuena para viajeros por todo el pa\u00eds, misma que fue resuelta en alrededor de una hora. La Administraci\u00f3n Federal de Aviaci\u00f3n (FAA) dijo que American solicit\u00f3 una parada en tierra para todos sus vuelos.<\/p>\n<p>\u00abActualmente estamos experimentando un problema t\u00e9cnico con todos los vuelos de American Airlines\u00bb, escribi\u00f3 la aerol\u00ednea en una publicaci\u00f3n a X.<\/p>\n<p>La publicaci\u00f3n agregaba: \u00abSu seguridad es nuestra m\u00e1xima prioridad; una vez que esto se rectifique, lo llevaremos sano y salvo a su destino\u00bb. Respondiendo a preguntas de otros usuarios de redes sociales, la aerol\u00ednea dijo que no pod\u00eda estimar cu\u00e1nto tiempo llevar\u00eda la soluci\u00f3n, pero que \u00abest\u00e1n intentando solucionarlo en el menor tiempo posible\u00bb.<\/p>\n<p>En un comunicado enviado a medios locales, la aerol\u00ednea agreg\u00f3: \u00abNuestros equipos est\u00e1n trabajando para resolver el problema lo m\u00e1s r\u00e1pido posible y pedimos disculpas a nuestros clientes por las molestias\u00bb.<\/p>\n<p>La interrupci\u00f3n no fue bien recibida por un n\u00famero r\u00e9cord de estadunidenses, que esperan viajar durante esta temporada navide\u00f1a. La Administraci\u00f3n de Seguridad del Transporte (TSA) dijo que espera a casi 40 millones de viajeros entre el 19 de diciembre y el 2 de enero, un aumento del 6.2% respecto del 2023.<\/p>\n<p>American Airlines dijo que esperaba que el 27 y el 20 de diciembre fueran los d\u00edas de mayor y segundo mayor tr\u00e1fico, respectivamente, durante su per\u00edodo de vacaciones, que comenz\u00f3 el 18 de diciembre. La aerol\u00ednea opera miles de vuelos por d\u00eda a m\u00e1s de 350 destinos en m\u00e1s de 60 pa\u00edses. Las acciones de la compa\u00f1\u00eda a\u00e9rea recuperaron el terreno perdido y cayeron ligeramente antes de que sonara la campana.<\/p>\n<p>La suspensi\u00f3n se produjo meses despu\u00e9s de que las aerol\u00edneas se vieran afectadas por una interrupci\u00f3n tecnol\u00f3gica global vinculada a la plataforma en la nube Azure de Microsoft y un problema de software en la firma de ciberseguridad CrowdStrike.<\/p>\n<p>Hace dos a\u00f1os, Southwest Airlines experiment\u00f3 un colapso en sus sistemas durante las vacaciones que provoc\u00f3 16.900 cancelaciones de vuelos y dej\u00f3 varados a 2 millones de pasajeros. Finalmente, se le impuso una multa de 140 millones de d\u00f3lares, la mayor sanci\u00f3n civil jam\u00e1s realizada por una interrupci\u00f3n de viaje.<\/p>\n","protected":false},"excerpt":{"rendered":"<p>\ud83d\udd38 La suspensi\u00f3n total de sus aviones dur\u00f3 alrededor de una hora; informaron que ya&#8230;<\/p>\n","protected":false},"author":1,"featured_media":27197,"comment_status":"open","ping_status":"closed","sticky":false,"template":"","format":"standard","meta":{"footnotes":""},"categories":[5],"tags":[],"class_list":["post-27195","post","type-post","status-publish","format-standard","has-post-thumbnail","hentry","category-internacional"],"_links":{"self":[{"href":"https:\/\/sacramentoqr.com\/index.php?rest_route=\/wp\/v2\/posts\/27195","targetHints":{"allow":["GET"]}}],"collection":[{"href":"https:\/\/sacramentoqr.com\/index.php?rest_route=\/wp\/v2\/posts"}],"about":[{"href":"https:\/\/sacramentoqr.com\/index.php?rest_route=\/wp\/v2\/types\/post"}],"author":[{"embeddable":true,"href":"https:\/\/sacramentoqr.com\/index.php?rest_route=\/wp\/v2\/users\/1"}],"replies":[{"embeddable":true,"href":"https:\/\/sacramentoqr.com\/index.php?rest_route=%2Fwp%2Fv2%2Fcomments&post=27195"}],"version-history":[{"count":1,"href":"https:\/\/sacramentoqr.com\/index.php?rest_route=\/wp\/v2\/posts\/27195\/revisions"}],"predecessor-version":[{"id":27196,"href":"https:\/\/sacramentoqr.com\/index.php?rest_route=\/wp\/v2\/posts\/27195\/revisions\/27196"}],"wp:featuredmedia":[{"embeddable":true,"href":"https:\/\/sacramentoqr.com\/index.php?rest_route=\/wp\/v2\/media\/27197"}],"wp:attachment":[{"href":"https:\/\/sacramentoqr.com\/index.php?rest_route=%2Fwp%2Fv2%2Fmedia&parent=27195"}],"wp:term":[{"taxonomy":"category","embeddable":true,"href":"https:\/\/sacramentoqr.com\/index.php?rest_route=%2Fwp%2Fv2%2Fcategories&post=27195"},{"taxonomy":"post_tag","embeddable":true,"href":"https:\/\/sacramentoqr.com\/index.php?rest_route=%2Fwp%2Fv2%2Ftags&post=27195"}],"curies":[{"name":"wp","href":"https:\/\/api.w.org\/{rel}","templated":true}]}}