{"id":27244,"date":"2024-12-27T15:36:27","date_gmt":"2024-12-27T20:36:27","guid":{"rendered":"https:\/\/sacramentoqr.com\/?p=27244"},"modified":"2024-12-28T20:39:29","modified_gmt":"2024-12-28T20:39:29","slug":"terrible-accidente-carretero-en-la-autopista-xalapa-perote-deja-cinco-muertos-y-decenas-de-heridos","status":"publish","type":"post","link":"https:\/\/sacramentoqr.com\/?p=27244","title":{"rendered":"Terrible accidente carretero en la autopista Xalapa-Perote deja cinco muertos y decenas de heridos"},"content":{"rendered":"<p>\ud83d\udd36\ufe0f Presumen que el percance se debi\u00f3 a un descuido del camionero, quien perdi\u00f3 el control de la pesada unidad<\/p>\n<p>#VERACRUZ |\u00a0Esta madrugada un autob\u00fas de la l\u00ednea ADO que iba sobre la sobre la autopista Perote \u2013 Xalapa, a la altura del lugar conocido como Cerro de Le\u00f3n, tuvo un tr\u00e1gico accidente tras impactarse\u00a0 contra la parte trasera de un tractocami\u00f3n.<\/p>\n<p>Las autoridades informaron que se presume que el percance automovil\u00edstico se origin\u00f3 al parecer por un descuido del ch\u00f3fer del ADO, seg\u00fan testigos, el conductor del autob\u00fas, que cubr\u00eda la ruta Ciudad de M\u00e9xico-Xalapa, perdi\u00f3 el control del veh\u00edculo y choc\u00f3 contra la parte trasera del tr\u00e1iler.<\/p>\n<p>En el lugar, cinco pasajeros perdieron la vida, mientras que otros dos fallecieron mientras eran trasladados para recibir atenci\u00f3n m\u00e9dica. Hasta el momento, se ha confirmado que las v\u00edctimas mortales son tres hombres y cuatro mujeres.<\/p>\n<p>Adem\u00e1s, alrededor de doce personas resultaron lesionadas y fueron ingresadas al Hospital Regional de Perote y a la Policl\u00ednica de Xalapa.<\/p>\n<p>En total fueron al rededor de 17 los lesionados.<br \/>\nHasta el momento, no se han dado a conocer detalles adicionales sobre las causas del accidente ni sobre la identidad de las v\u00edctimas<\/p>\n","protected":false},"excerpt":{"rendered":"<p>\ud83d\udd36\ufe0f Presumen que el percance se debi\u00f3 a un descuido del camionero, quien perdi\u00f3 el&#8230;<\/p>\n","protected":false},"author":1,"featured_media":27246,"comment_status":"open","ping_status":"closed","sticky":false,"template":"","format":"standard","meta":{"footnotes":""},"categories":[36],"tags":[],"class_list":["post-27244","post","type-post","status-publish","format-standard","has-post-thumbnail","hentry","category-veracruz"],"_links":{"self":[{"href":"https:\/\/sacramentoqr.com\/index.php?rest_route=\/wp\/v2\/posts\/27244","targetHints":{"allow":["GET"]}}],"collection":[{"href":"https:\/\/sacramentoqr.com\/index.php?rest_route=\/wp\/v2\/posts"}],"about":[{"href":"https:\/\/sacramentoqr.com\/index.php?rest_route=\/wp\/v2\/types\/post"}],"author":[{"embeddable":true,"href":"https:\/\/sacramentoqr.com\/index.php?rest_route=\/wp\/v2\/users\/1"}],"replies":[{"embeddable":true,"href":"https:\/\/sacramentoqr.com\/index.php?rest_route=%2Fwp%2Fv2%2Fcomments&post=27244"}],"version-history":[{"count":1,"href":"https:\/\/sacramentoqr.com\/index.php?rest_route=\/wp\/v2\/posts\/27244\/revisions"}],"predecessor-version":[{"id":27245,"href":"https:\/\/sacramentoqr.com\/index.php?rest_route=\/wp\/v2\/posts\/27244\/revisions\/27245"}],"wp:featuredmedia":[{"embeddable":true,"href":"https:\/\/sacramentoqr.com\/index.php?rest_route=\/wp\/v2\/media\/27246"}],"wp:attachment":[{"href":"https:\/\/sacramentoqr.com\/index.php?rest_route=%2Fwp%2Fv2%2Fmedia&parent=27244"}],"wp:term":[{"taxonomy":"category","embeddable":true,"href":"https:\/\/sacramentoqr.com\/index.php?rest_route=%2Fwp%2Fv2%2Fcategories&post=27244"},{"taxonomy":"post_tag","embeddable":true,"href":"https:\/\/sacramentoqr.com\/index.php?rest_route=%2Fwp%2Fv2%2Ftags&post=27244"}],"curies":[{"name":"wp","href":"https:\/\/api.w.org\/{rel}","templated":true}]}}