{"id":27320,"date":"2024-12-31T13:52:10","date_gmt":"2024-12-31T18:52:10","guid":{"rendered":"https:\/\/sacramentoqr.com\/?p=27320"},"modified":"2024-12-31T18:52:12","modified_gmt":"2024-12-31T18:52:12","slug":"emiten-orden-de-detencion-contra-el-presidente-yoon-por-declaracion-de-ley-marcial","status":"publish","type":"post","link":"https:\/\/sacramentoqr.com\/?p=27320","title":{"rendered":"Emiten orden de detenci\u00f3n contra el presidente Yoon por declaraci\u00f3n de ley marcial"},"content":{"rendered":"<p>\ud83d\udd36\ufe0f Un tribunal de Se\u00fal emiti\u00f3 la pidi\u00f3 captura contra el mandatario acusado de planear la fallida ley del 3 de diciembre<\/p>\n<p>&nbsp;<\/p>\n<p>#INTERNACIONAL | Un\u00a0tribunal de Se\u00fal aprob\u00f3\u00a0la solicitud de un equipo conjunto de investigaci\u00f3n para\u00a0detener\u00a0al presidente surcoreano,\u00a0Yoon Suk-yeol, por su breve imposici\u00f3n de la\u00a0ley marcial, convirti\u00e9ndose en el primer presidente del pa\u00eds en ejercicio en enfrentar una captura.<\/p>\n<p>El\u00a0Tribunal del Distrito Occidental de Se\u00fal\u00a0emiti\u00f3 la orden contra Yoon acusado de planear la fallida declaraci\u00f3n de\u00a0ley marcial del 3 de diciembre, orquestar la insurrecci\u00f3n y abusar de su poder, y despu\u00e9s de que el mandatario haya ignorado tres citaciones para ser interrogado al respecto.<br \/>\nTras la orden judicial, la Oficina para las Investigaciones de Corrupci\u00f3n de Funcionarios de Alto Rango (CIO por sus siglas en ingl\u00e9s) cuenta ahora con 48 horas para detener a Yoon para interrogarlo.<\/p>\n<p>Sin embargo, persisten las incertidumbres sobre si la CIO puede ejecutar la orden, ya que el Servicio de Seguridad Presidencial ha impedido que los investigadores entren tanto en el complejo de la oficina presidencial como en la residencia oficial de Yoon para realizar registros aprobados por el tribunal.<\/p>\n<p>Aunque Yoon tiene inmunidad presidencial frente al procesamiento penal, el privilegio no se extiende a los cargos de insurrecci\u00f3n o traici\u00f3n.<br \/>\nEl anuncio supone la primera vez en la historia democr\u00e1tica del pa\u00eds asi\u00e1tico en que un presidente a\u00fan en el cargo encara la posibilidad de ser detenido.<\/p>\n<p>&nbsp;<\/p>\n<p>Yoon fue destituido el pasado 14 de diciembre por la Asamblea Nacional (Parlamento), lo que lo ha despojado moment\u00e1neamente de sus funciones hasta que el Tribunal Constitucional decida de aqu\u00ed a junio si restituye sus competencias o lo inhabilita definitivamente.<\/p>\n<p>La solicitud alega que Yoon lider\u00f3 una insurrecci\u00f3n y abus\u00f3 de su cargo al declarar el estado de excepci\u00f3n el pasado 3 de diciembre y que supuestamente orden\u00f3 al ej\u00e9rcito que impidiera a los diputados del Parlamento votar en contra de su decisi\u00f3n para revocarla.<\/p>\n<p>Los parlamentarios finalmente lograron votar en contra de la ley marcial, aparentemente gracias en parte a la negativa de mandos militares intermedios a cumplir \u00f3rdenes, lo que oblig\u00f3 al presidente a rescindir el estado de excepci\u00f3n a las pocas horas de decretarla.<\/p>\n<p>Yoon ha negado las acusaciones argumentando que su declaraci\u00f3n de la ley marcial fue un \u201cacto de gobernanza\u201d que buscaba advertir a la oposici\u00f3n, que tiene mayor\u00eda en el Parlamento, contra lo que ha descrito como un abuso del poder legislativo que busca minar al Estado y apoyar al r\u00e9gimen de Corea del Norte, con quien el Sur est\u00e1 t\u00e9cnicamente en guerra.<\/p>\n","protected":false},"excerpt":{"rendered":"<p>\ud83d\udd36\ufe0f Un tribunal de Se\u00fal emiti\u00f3 la pidi\u00f3 captura contra el mandatario acusado de planear&#8230;<\/p>\n","protected":false},"author":1,"featured_media":27322,"comment_status":"open","ping_status":"closed","sticky":false,"template":"","format":"standard","meta":{"footnotes":""},"categories":[5],"tags":[],"class_list":["post-27320","post","type-post","status-publish","format-standard","has-post-thumbnail","hentry","category-internacional"],"_links":{"self":[{"href":"https:\/\/sacramentoqr.com\/index.php?rest_route=\/wp\/v2\/posts\/27320","targetHints":{"allow":["GET"]}}],"collection":[{"href":"https:\/\/sacramentoqr.com\/index.php?rest_route=\/wp\/v2\/posts"}],"about":[{"href":"https:\/\/sacramentoqr.com\/index.php?rest_route=\/wp\/v2\/types\/post"}],"author":[{"embeddable":true,"href":"https:\/\/sacramentoqr.com\/index.php?rest_route=\/wp\/v2\/users\/1"}],"replies":[{"embeddable":true,"href":"https:\/\/sacramentoqr.com\/index.php?rest_route=%2Fwp%2Fv2%2Fcomments&post=27320"}],"version-history":[{"count":1,"href":"https:\/\/sacramentoqr.com\/index.php?rest_route=\/wp\/v2\/posts\/27320\/revisions"}],"predecessor-version":[{"id":27321,"href":"https:\/\/sacramentoqr.com\/index.php?rest_route=\/wp\/v2\/posts\/27320\/revisions\/27321"}],"wp:featuredmedia":[{"embeddable":true,"href":"https:\/\/sacramentoqr.com\/index.php?rest_route=\/wp\/v2\/media\/27322"}],"wp:attachment":[{"href":"https:\/\/sacramentoqr.com\/index.php?rest_route=%2Fwp%2Fv2%2Fmedia&parent=27320"}],"wp:term":[{"taxonomy":"category","embeddable":true,"href":"https:\/\/sacramentoqr.com\/index.php?rest_route=%2Fwp%2Fv2%2Fcategories&post=27320"},{"taxonomy":"post_tag","embeddable":true,"href":"https:\/\/sacramentoqr.com\/index.php?rest_route=%2Fwp%2Fv2%2Ftags&post=27320"}],"curies":[{"name":"wp","href":"https:\/\/api.w.org\/{rel}","templated":true}]}}