{"id":27326,"date":"2024-12-31T13:58:38","date_gmt":"2024-12-31T18:58:38","guid":{"rendered":"https:\/\/sacramentoqr.com\/?p=27326"},"modified":"2024-12-31T18:58:40","modified_gmt":"2024-12-31T18:58:40","slug":"pepe-couttolenc-celebra-la-aprobacion-del-paquete-economico-2025-benefico-para-la-preservacion-del-medio-ambiente","status":"publish","type":"post","link":"https:\/\/sacramentoqr.com\/?p=27326","title":{"rendered":"Pepe Couttolenc celebra la aprobaci\u00f3n del Paquete Econ\u00f3mico 2025 ben\u00e9fico para la preservaci\u00f3n del medio ambiente"},"content":{"rendered":"<p>\ud83d\udd38 El Coordinador del Partido Verde en el Congreso del Estado de M\u00e9xico destaca el compromiso con la ecolog\u00eda en el presupuesto del pr\u00f3ximo a\u00f1o<\/p>\n<p>#ESTADODEM\u00c9XICO | El Coordinador de la fracci\u00f3n parlamentaria del Partido Verde en el Congreso del Estado de M\u00e9xico y presidente estatal del partido, Pepe Couttolenc, celebr\u00f3 la aprobaci\u00f3n del Paquete Econ\u00f3mico para 2025, que destinar\u00e1 miles de millones de pesos a la preservaci\u00f3n ecol\u00f3gica y a la atenci\u00f3n de las problem\u00e1ticas medioambientales en la entidad.<\/p>\n<p>\u00ab\u00a1Continuamos con extraordinarias noticias, mexiquenses! Con el Paquete Econ\u00f3mico aprobado para 2025, atenderemos las problem\u00e1ticas medioambientales que enfrenta nuestro Estado de M\u00e9xico. \u00a1Vamos con todo!\u00bb, expres\u00f3 Couttolenc, quien destac\u00f3 que este presupuesto permitir\u00e1 fortalecer las pol\u00edticas p\u00fablicas orientadas a la conservaci\u00f3n de los recursos naturales.<\/p>\n<p>El l\u00edder del Partido Verde subray\u00f3 que la asignaci\u00f3n de estos recursos ser\u00e1 clave para hacer frente a los desaf\u00edos ecol\u00f3gicos que enfrenta el estado, reafirmando el compromiso de su partido con la protecci\u00f3n del medio ambiente. \u00abEs un gran paso hacia un Estado de M\u00e9xico m\u00e1s verde y m\u00e1s sostenible\u00bb, concluy\u00f3<\/p>\n","protected":false},"excerpt":{"rendered":"<p>\ud83d\udd38 El Coordinador del Partido Verde en el Congreso del Estado de M\u00e9xico destaca el&#8230;<\/p>\n","protected":false},"author":1,"featured_media":27328,"comment_status":"open","ping_status":"closed","sticky":false,"template":"","format":"standard","meta":{"footnotes":""},"categories":[23],"tags":[],"class_list":["post-27326","post","type-post","status-publish","format-standard","has-post-thumbnail","hentry","category-edomex"],"_links":{"self":[{"href":"https:\/\/sacramentoqr.com\/index.php?rest_route=\/wp\/v2\/posts\/27326","targetHints":{"allow":["GET"]}}],"collection":[{"href":"https:\/\/sacramentoqr.com\/index.php?rest_route=\/wp\/v2\/posts"}],"about":[{"href":"https:\/\/sacramentoqr.com\/index.php?rest_route=\/wp\/v2\/types\/post"}],"author":[{"embeddable":true,"href":"https:\/\/sacramentoqr.com\/index.php?rest_route=\/wp\/v2\/users\/1"}],"replies":[{"embeddable":true,"href":"https:\/\/sacramentoqr.com\/index.php?rest_route=%2Fwp%2Fv2%2Fcomments&post=27326"}],"version-history":[{"count":1,"href":"https:\/\/sacramentoqr.com\/index.php?rest_route=\/wp\/v2\/posts\/27326\/revisions"}],"predecessor-version":[{"id":27327,"href":"https:\/\/sacramentoqr.com\/index.php?rest_route=\/wp\/v2\/posts\/27326\/revisions\/27327"}],"wp:featuredmedia":[{"embeddable":true,"href":"https:\/\/sacramentoqr.com\/index.php?rest_route=\/wp\/v2\/media\/27328"}],"wp:attachment":[{"href":"https:\/\/sacramentoqr.com\/index.php?rest_route=%2Fwp%2Fv2%2Fmedia&parent=27326"}],"wp:term":[{"taxonomy":"category","embeddable":true,"href":"https:\/\/sacramentoqr.com\/index.php?rest_route=%2Fwp%2Fv2%2Fcategories&post=27326"},{"taxonomy":"post_tag","embeddable":true,"href":"https:\/\/sacramentoqr.com\/index.php?rest_route=%2Fwp%2Fv2%2Ftags&post=27326"}],"curies":[{"name":"wp","href":"https:\/\/api.w.org\/{rel}","templated":true}]}}