{"id":27353,"date":"2025-01-02T10:42:27","date_gmt":"2025-01-02T15:42:27","guid":{"rendered":"https:\/\/sacramentoqr.com\/?p=27353"},"modified":"2025-01-02T15:42:28","modified_gmt":"2025-01-02T15:42:28","slug":"ricardo-monreal-inicia-2025-con-optimismo-y-compromiso-a-favor-del-pueblo","status":"publish","type":"post","link":"https:\/\/sacramentoqr.com\/?p=27353","title":{"rendered":"Ricardo Monreal inicia 2025 con optimismo y compromiso a favor del pueblo"},"content":{"rendered":"<p>\ud83d\udd38 El legislador marc\u00f3 el inicio de un a\u00f1o que estar\u00e1 lleno de trabajo y esfuerzos por mejorar las condiciones de vida de los mexicanos<\/p>\n<p>#CDMX | El presidente de la Junta de Coordinaci\u00f3n Pol\u00edtica de la C\u00e1mara de Diputados y coordinador de la fracci\u00f3n parlamentaria de Morena, Ricardo Monreal, inici\u00f3 el a\u00f1o con un mensaje de optimismo y firme compromiso hacia el bienestar del pueblo mexicano.<\/p>\n<p>En su declaraci\u00f3n, Monreal expres\u00f3 su respaldo al gobierno de la presidenta Claudia Sheinbaum y reiter\u00f3 el compromiso de las y los legisladores con las leyes que favorezcan a la ciudadan\u00eda, alej\u00e1ndose de intereses particulares.<\/p>\n<p>\u201cComenzamos 2025 con optimismo y compromiso. Respaldando al gobierno encabezado por la presidenta Claudia Sheinbaum, las y los legisladores trabajaremos en leyes que beneficien al pueblo, no a intereses particulares. Nuestro compromiso es con el inter\u00e9s nacional. \u00a1Feliz a\u00f1o nuevo!\u201d afirm\u00f3 Monreal en un mensaje difundido a trav\u00e9s de sus redes sociales.<\/p>\n<p>Ricardo Monreal subray\u00f3 que, en este nuevo a\u00f1o, la prioridad ser\u00e1 promover un entorno legislativo que impulse el desarrollo social, econ\u00f3mico y pol\u00edtico de M\u00e9xico, con un enfoque en la justicia social y la igualdad. Asimismo, destac\u00f3 que el trabajo conjunto entre los poderes Ejecutivo y Legislativo ser\u00e1 esencial para continuar avanzando en los proyectos que favorezcan a la mayor\u00eda de los mexicanos.<\/p>\n<p>El l\u00edder de Morena en la C\u00e1mara de Diputados tambi\u00e9n enfatiz\u00f3 la importancia de fortalecer la democracia y la transparencia en el pa\u00eds, reiterando que los legisladores deben estar siempre al servicio de la naci\u00f3n y de los ciudadanos, promoviendo leyes que reflejen los valores y necesidades del pueblo.<\/p>\n","protected":false},"excerpt":{"rendered":"<p>\ud83d\udd38 El legislador marc\u00f3 el inicio de un a\u00f1o que estar\u00e1 lleno de trabajo y&#8230;<\/p>\n","protected":false},"author":1,"featured_media":27355,"comment_status":"open","ping_status":"closed","sticky":false,"template":"","format":"standard","meta":{"footnotes":""},"categories":[17],"tags":[],"class_list":["post-27353","post","type-post","status-publish","format-standard","has-post-thumbnail","hentry","category-cdmx"],"_links":{"self":[{"href":"https:\/\/sacramentoqr.com\/index.php?rest_route=\/wp\/v2\/posts\/27353","targetHints":{"allow":["GET"]}}],"collection":[{"href":"https:\/\/sacramentoqr.com\/index.php?rest_route=\/wp\/v2\/posts"}],"about":[{"href":"https:\/\/sacramentoqr.com\/index.php?rest_route=\/wp\/v2\/types\/post"}],"author":[{"embeddable":true,"href":"https:\/\/sacramentoqr.com\/index.php?rest_route=\/wp\/v2\/users\/1"}],"replies":[{"embeddable":true,"href":"https:\/\/sacramentoqr.com\/index.php?rest_route=%2Fwp%2Fv2%2Fcomments&post=27353"}],"version-history":[{"count":1,"href":"https:\/\/sacramentoqr.com\/index.php?rest_route=\/wp\/v2\/posts\/27353\/revisions"}],"predecessor-version":[{"id":27354,"href":"https:\/\/sacramentoqr.com\/index.php?rest_route=\/wp\/v2\/posts\/27353\/revisions\/27354"}],"wp:featuredmedia":[{"embeddable":true,"href":"https:\/\/sacramentoqr.com\/index.php?rest_route=\/wp\/v2\/media\/27355"}],"wp:attachment":[{"href":"https:\/\/sacramentoqr.com\/index.php?rest_route=%2Fwp%2Fv2%2Fmedia&parent=27353"}],"wp:term":[{"taxonomy":"category","embeddable":true,"href":"https:\/\/sacramentoqr.com\/index.php?rest_route=%2Fwp%2Fv2%2Fcategories&post=27353"},{"taxonomy":"post_tag","embeddable":true,"href":"https:\/\/sacramentoqr.com\/index.php?rest_route=%2Fwp%2Fv2%2Ftags&post=27353"}],"curies":[{"name":"wp","href":"https:\/\/api.w.org\/{rel}","templated":true}]}}