{"id":27356,"date":"2025-01-02T10:48:45","date_gmt":"2025-01-02T15:48:45","guid":{"rendered":"https:\/\/sacramentoqr.com\/?p=27356"},"modified":"2025-01-02T15:48:46","modified_gmt":"2025-01-02T15:48:46","slug":"yolanda-saldivar-podria-salir-de-la-carcel-este-ano","status":"publish","type":"post","link":"https:\/\/sacramentoqr.com\/?p=27356","title":{"rendered":"Yolanda Sald\u00edvar podr\u00eda salir de la c\u00e1rcel este a\u00f1o"},"content":{"rendered":"<p>\ud83d\udd38 La mujer que acab\u00f3 con la vida de Selena Quintanilla el 31 de marzo de 1995, podr\u00eda conseguir su libertad este a\u00f1o<\/p>\n<p>#ESPECT\u00c1CULOS | Yolanda Sald\u00edvar, la mujer que asesin\u00f3 a Selena Quintanilla en 1995, ha solicitado su libertad condicional para el a\u00f1o 2025.<\/p>\n<p>De acuerdo con la informaci\u00f3n de \u2018The New York Post&#8217;, Sald\u00edvar, quien actualmente tiene 64 a\u00f1os, se encuentra cumpliendo una sentencia de cadena perpetua en la Unidad Patrick L. O&#8217;Daniel en Gatesville, Texas, present\u00f3 la documentaci\u00f3n para obtener su libertad condicional este 2025.<\/p>\n<p>Desde su encarcelamiento, Sald\u00edvar ha estado bajo custodia protectora debido a las constantes amenazas contra su vida por parte de otros reclusos.<\/p>\n<p>En entrevistas posteriores, como en el documental de Peacock titulado \u2018Selena y Yolanda: Los secretos entre ellas\u2019, Sald\u00edvar ha insistido en su inocencia y ha declarado sentirse como una \u00abprisionera pol\u00edtica\u00bb. A pesar de estas afirmaciones, la opini\u00f3n p\u00fablica sigue dividida sobre su posible liberaci\u00f3n.<\/p>\n<p>La audiencia para evaluar la solicitud de libertad condicional de Sald\u00edvar est\u00e1 programada para marzo de 2025.<\/p>\n<p>Un representante del Departamento de Justicia Penal de Texas confirm\u00f3 que Sald\u00edvar no tiene manchas en su historial que impidan que la junta de libertad condicional eval\u00fae su caso. Adem\u00e1s, se notific\u00f3 que la familia de Selena recibir\u00e1 informaci\u00f3n oficial en enero sobre esta audiencia.<\/p>\n<p>La posibilidad de que Sald\u00edvar sea liberada ha generado diversas reacciones, con algunos argumentando que ha cumplido con su deuda, mientras que otros, incluyendo excompa\u00f1eras de prisi\u00f3n, destacan que su notoriedad la ha convertido en un blanco constante de amenazas.<\/p>\n<p>Marisol L\u00f3pez, quien comparti\u00f3 prisi\u00f3n con Sald\u00edvar entre 2017 y 2022, declar\u00f3: \u00abHay una recompensa por su cabeza, como si todos quisieran un pedazo de ella. Los guardias la mantienen alejada de los dem\u00e1s porque la odian mucho\u00bb.<\/p>\n<p>Recordemos que Sald\u00edvar, exenfermera y presidenta del club de fans de Selena, fue condenada por el asesinato de Selena Quintanilla el 31 de marzo de 1995. Selena, conocida como la \u2018Reina del Tex-Mex\u2019, ten\u00eda solo 23 a\u00f1os cuando fue asesinada en un motel en Corpus Christi, Texas.<\/p>\n<p>Seg\u00fan los informes judiciales, Sald\u00edvar dispar\u00f3 a Selena durante un enfrentamiento relacionado con sospechas de malversaci\u00f3n de fondos del club de fans. A pesar de que Sald\u00edvar afirm\u00f3 que la muerte fue accidental y que su intenci\u00f3n inicial era suicidarse, un jurado la encontr\u00f3 culpable\u2019.<\/p>\n","protected":false},"excerpt":{"rendered":"<p>\ud83d\udd38 La mujer que acab\u00f3 con la vida de Selena Quintanilla el 31 de marzo&#8230;<\/p>\n","protected":false},"author":1,"featured_media":27358,"comment_status":"open","ping_status":"closed","sticky":false,"template":"","format":"standard","meta":{"footnotes":""},"categories":[4],"tags":[],"class_list":["post-27356","post","type-post","status-publish","format-standard","has-post-thumbnail","hentry","category-espectaculos"],"_links":{"self":[{"href":"https:\/\/sacramentoqr.com\/index.php?rest_route=\/wp\/v2\/posts\/27356","targetHints":{"allow":["GET"]}}],"collection":[{"href":"https:\/\/sacramentoqr.com\/index.php?rest_route=\/wp\/v2\/posts"}],"about":[{"href":"https:\/\/sacramentoqr.com\/index.php?rest_route=\/wp\/v2\/types\/post"}],"author":[{"embeddable":true,"href":"https:\/\/sacramentoqr.com\/index.php?rest_route=\/wp\/v2\/users\/1"}],"replies":[{"embeddable":true,"href":"https:\/\/sacramentoqr.com\/index.php?rest_route=%2Fwp%2Fv2%2Fcomments&post=27356"}],"version-history":[{"count":1,"href":"https:\/\/sacramentoqr.com\/index.php?rest_route=\/wp\/v2\/posts\/27356\/revisions"}],"predecessor-version":[{"id":27357,"href":"https:\/\/sacramentoqr.com\/index.php?rest_route=\/wp\/v2\/posts\/27356\/revisions\/27357"}],"wp:featuredmedia":[{"embeddable":true,"href":"https:\/\/sacramentoqr.com\/index.php?rest_route=\/wp\/v2\/media\/27358"}],"wp:attachment":[{"href":"https:\/\/sacramentoqr.com\/index.php?rest_route=%2Fwp%2Fv2%2Fmedia&parent=27356"}],"wp:term":[{"taxonomy":"category","embeddable":true,"href":"https:\/\/sacramentoqr.com\/index.php?rest_route=%2Fwp%2Fv2%2Fcategories&post=27356"},{"taxonomy":"post_tag","embeddable":true,"href":"https:\/\/sacramentoqr.com\/index.php?rest_route=%2Fwp%2Fv2%2Ftags&post=27356"}],"curies":[{"name":"wp","href":"https:\/\/api.w.org\/{rel}","templated":true}]}}