{"id":27370,"date":"2025-01-03T11:32:58","date_gmt":"2025-01-03T16:32:58","guid":{"rendered":"https:\/\/sacramentoqr.com\/?p=27370"},"modified":"2025-01-03T16:33:01","modified_gmt":"2025-01-03T16:33:01","slug":"ruben-rocha-va-por-un-2025-de-obras-con-sentido-social-para-sinaloa","status":"publish","type":"post","link":"https:\/\/sacramentoqr.com\/?p=27370","title":{"rendered":"Rub\u00e9n Rocha va por un 2025 de obras con sentido social para Sinaloa"},"content":{"rendered":"<p>\ud83d\udd38 El gobernador entreg\u00f3 la conexi\u00f3n de la comunidad de El Guadare, en Mocorito, con la carretera internacional M\u00e9xico 15<\/p>\n<p>#SINALOA | El gobernador Rub\u00e9n Rocha Moya ha comenzado 2025 con una clara orientaci\u00f3n hacia el bienestar social, entregando lo que \u00e9l mismo considera la primera Obra Con Sentido Social de este a\u00f1o: la conexi\u00f3n de la comunidad de El Guadare, en Mocorito, con la carretera internacional M\u00e9xico 15. Esta obra, que mejora la conectividad y la seguridad en el tr\u00e1nsito de las familias de la regi\u00f3n, es solo el comienzo de un a\u00f1o lleno de proyectos enfocados en las necesidades reales de los sinaloenses.<\/p>\n<p>En su mensaje, Rocha Moya destac\u00f3 que este proyecto responde a una demanda hist\u00f3rica de los habitantes de la zona y tiene como objetivo principal garantizar un transporte m\u00e1s seguro y eficiente. \u201cEstamos comenzando el 2025 con una obra que atiende directamente a las familias de Sinaloa. Es una carretera que no solo conecta, sino que tambi\u00e9n brinda seguridad a quienes transitan por esta v\u00eda\u201d, afirm\u00f3 el mandatario.<\/p>\n<p>Con este impulso, el gobernador reafirm\u00f3 su compromiso con la obra p\u00fablica como una herramienta clave para mejorar la calidad de vida en el estado. Para \u00e9l, las obras no son solo una cuesti\u00f3n de infraestructura, sino una forma de mejorar el d\u00eda a d\u00eda de las comunidades sinaloenses, siempre desde una perspectiva de sentido social.<\/p>\n<p>En palabras de Rocha Moya, Sinaloa vivir\u00e1 un 2025 marcado por m\u00e1s proyectos que contin\u00faen esta l\u00ednea de trabajo, en la que la obra p\u00fablica se convierte en una inversi\u00f3n directa para las familias. Con esta visi\u00f3n, se espera que el estado siga avanzando en la modernizaci\u00f3n de sus infraestructuras y que las comunidades m\u00e1s necesitadas contin\u00faen siendo la prioridad en la gesti\u00f3n de recursos.<\/p>\n","protected":false},"excerpt":{"rendered":"<p>\ud83d\udd38 El gobernador entreg\u00f3 la conexi\u00f3n de la comunidad de El Guadare, en Mocorito, con&#8230;<\/p>\n","protected":false},"author":1,"featured_media":27372,"comment_status":"open","ping_status":"closed","sticky":false,"template":"","format":"standard","meta":{"footnotes":""},"categories":[35],"tags":[],"class_list":["post-27370","post","type-post","status-publish","format-standard","has-post-thumbnail","hentry","category-sinaloa"],"_links":{"self":[{"href":"https:\/\/sacramentoqr.com\/index.php?rest_route=\/wp\/v2\/posts\/27370","targetHints":{"allow":["GET"]}}],"collection":[{"href":"https:\/\/sacramentoqr.com\/index.php?rest_route=\/wp\/v2\/posts"}],"about":[{"href":"https:\/\/sacramentoqr.com\/index.php?rest_route=\/wp\/v2\/types\/post"}],"author":[{"embeddable":true,"href":"https:\/\/sacramentoqr.com\/index.php?rest_route=\/wp\/v2\/users\/1"}],"replies":[{"embeddable":true,"href":"https:\/\/sacramentoqr.com\/index.php?rest_route=%2Fwp%2Fv2%2Fcomments&post=27370"}],"version-history":[{"count":1,"href":"https:\/\/sacramentoqr.com\/index.php?rest_route=\/wp\/v2\/posts\/27370\/revisions"}],"predecessor-version":[{"id":27371,"href":"https:\/\/sacramentoqr.com\/index.php?rest_route=\/wp\/v2\/posts\/27370\/revisions\/27371"}],"wp:featuredmedia":[{"embeddable":true,"href":"https:\/\/sacramentoqr.com\/index.php?rest_route=\/wp\/v2\/media\/27372"}],"wp:attachment":[{"href":"https:\/\/sacramentoqr.com\/index.php?rest_route=%2Fwp%2Fv2%2Fmedia&parent=27370"}],"wp:term":[{"taxonomy":"category","embeddable":true,"href":"https:\/\/sacramentoqr.com\/index.php?rest_route=%2Fwp%2Fv2%2Fcategories&post=27370"},{"taxonomy":"post_tag","embeddable":true,"href":"https:\/\/sacramentoqr.com\/index.php?rest_route=%2Fwp%2Fv2%2Ftags&post=27370"}],"curies":[{"name":"wp","href":"https:\/\/api.w.org\/{rel}","templated":true}]}}