{"id":27378,"date":"2025-01-03T11:43:07","date_gmt":"2025-01-03T16:43:07","guid":{"rendered":"https:\/\/sacramentoqr.com\/?p=27378"},"modified":"2025-01-03T16:43:09","modified_gmt":"2025-01-03T16:43:09","slug":"investigadores-descubren-cambios-geneticos-en-el-cerebro-asociados-al-envejecimiento","status":"publish","type":"post","link":"https:\/\/sacramentoqr.com\/?p=27378","title":{"rendered":"Investigadores descubren cambios gen\u00e9ticos en el cerebro asociados al envejecimiento"},"content":{"rendered":"<p>\ud83d\udd38 Un estudio revela las regiones cerebrales m\u00e1s afectadas por la vejez y podr\u00eda allanar el camino para nuevas terapias que frenen el deterioro cognitivo<\/p>\n<p>#SALUD | Un equipo de investigadores ha identificado los cambios gen\u00e9ticos en el cerebro que ocurren con el envejecimiento, as\u00ed como la regi\u00f3n donde son m\u00e1s notorios. Este avance, publicado en Nature, podr\u00eda allanar el camino para desarrollar terapias que ralenticen o mitiguen el deterioro cerebral relacionado con la edad.<\/p>\n<p>El estudio, realizado en el marco de la iniciativa BRAIN analiz\u00f3 m\u00e1s de 1,2 millones de c\u00e9lulas en 16 regiones cerebrales de ratones j\u00f3venes y envejecidos, equivalentes a la mediana edad en humanos. Los hallazgos revelaron que tipos celulares espec\u00edficos experimentan cambios significativos en la expresi\u00f3n g\u00e9nica con la edad: los genes relacionados con la inflamaci\u00f3n aumentan su actividad, mientras que los vinculados con la funci\u00f3n neuronal la disminuyen.<\/p>\n<p>Un \u201cpunto caliente\u201d de estos cambios se identific\u00f3 en el hipot\u00e1lamo, una regi\u00f3n clave para el control hormonal y metab\u00f3lico. En esta \u00e1rea, los cambios gen\u00e9ticos incluyen una menor funcionalidad neuronal y un incremento de la inflamaci\u00f3n. Estos resultados sugieren una conexi\u00f3n directa entre la dieta, el estilo de vida y el envejecimiento cerebral.<\/p>\n<p>Seg\u00fan los investigadores, liderados por Kelly Jin y Hongkui Zeng del Instituto Allen, el objetivo ahora es dise\u00f1ar herramientas que mejoren la funci\u00f3n de las c\u00e9lulas afectadas para retrasar el envejecimiento. Adem\u00e1s, este estudio se alinea con investigaciones que relacionan la dieta, como el ayuno intermitente y la restricci\u00f3n cal\u00f3rica, con beneficios para la longevidad.<\/p>\n<p>Estos avances abren la puerta a intervenciones diet\u00e9ticas y farmacol\u00f3gicas que podr\u00edan combatir el envejecimiento celular, contribuyendo a preservar la salud cerebral en edades avanzadas y mejorando la calidad de vida de la poblaci\u00f3n.<\/p>\n","protected":false},"excerpt":{"rendered":"<p>\ud83d\udd38 Un estudio revela las regiones cerebrales m\u00e1s afectadas por la vejez y podr\u00eda allanar&#8230;<\/p>\n","protected":false},"author":1,"featured_media":27380,"comment_status":"open","ping_status":"closed","sticky":false,"template":"","format":"standard","meta":{"footnotes":""},"categories":[11],"tags":[],"class_list":["post-27378","post","type-post","status-publish","format-standard","has-post-thumbnail","hentry","category-salud"],"_links":{"self":[{"href":"https:\/\/sacramentoqr.com\/index.php?rest_route=\/wp\/v2\/posts\/27378","targetHints":{"allow":["GET"]}}],"collection":[{"href":"https:\/\/sacramentoqr.com\/index.php?rest_route=\/wp\/v2\/posts"}],"about":[{"href":"https:\/\/sacramentoqr.com\/index.php?rest_route=\/wp\/v2\/types\/post"}],"author":[{"embeddable":true,"href":"https:\/\/sacramentoqr.com\/index.php?rest_route=\/wp\/v2\/users\/1"}],"replies":[{"embeddable":true,"href":"https:\/\/sacramentoqr.com\/index.php?rest_route=%2Fwp%2Fv2%2Fcomments&post=27378"}],"version-history":[{"count":1,"href":"https:\/\/sacramentoqr.com\/index.php?rest_route=\/wp\/v2\/posts\/27378\/revisions"}],"predecessor-version":[{"id":27379,"href":"https:\/\/sacramentoqr.com\/index.php?rest_route=\/wp\/v2\/posts\/27378\/revisions\/27379"}],"wp:featuredmedia":[{"embeddable":true,"href":"https:\/\/sacramentoqr.com\/index.php?rest_route=\/wp\/v2\/media\/27380"}],"wp:attachment":[{"href":"https:\/\/sacramentoqr.com\/index.php?rest_route=%2Fwp%2Fv2%2Fmedia&parent=27378"}],"wp:term":[{"taxonomy":"category","embeddable":true,"href":"https:\/\/sacramentoqr.com\/index.php?rest_route=%2Fwp%2Fv2%2Fcategories&post=27378"},{"taxonomy":"post_tag","embeddable":true,"href":"https:\/\/sacramentoqr.com\/index.php?rest_route=%2Fwp%2Fv2%2Ftags&post=27378"}],"curies":[{"name":"wp","href":"https:\/\/api.w.org\/{rel}","templated":true}]}}