{"id":27392,"date":"2025-01-06T11:20:34","date_gmt":"2025-01-06T16:20:34","guid":{"rendered":"https:\/\/sacramentoqr.com\/?p=27392"},"modified":"2025-01-06T16:20:36","modified_gmt":"2025-01-06T16:20:36","slug":"sheinbaum-presenta-proyecto-de-la-primera-armadora-mexicana-de-mini-vehiculos-electricos-olinia","status":"publish","type":"post","link":"https:\/\/sacramentoqr.com\/?p=27392","title":{"rendered":"Sheinbaum presenta proyecto de la primera armadora mexicana de mini veh\u00edculos el\u00e9ctricos \u00abOLINIA\u00bb"},"content":{"rendered":"<p>\ud83d\udd38Dicha armadora ofrecer\u00e1 una opci\u00f3n de movilidad segura, eficiente, sustentable a todos los mexicanos<\/p>\n<p>#NACIONAL | El Gobierno de M\u00e9xico encabezado por Claudia Sheinbaum present\u00f3 el plan de desarrollo para la primera Armadora Mexicana de mini veh\u00edculos el\u00e9ctricos de nombre \u201cOlinia\u201d.<\/p>\n<p>En conferencia de prensa, Roberto Capuano Tripp, encargado del Proyecto de Desarrollo Sustentable, indic\u00f3 que dicha armadora pretende crear tres autos el\u00e9ctricos diferentes, en los que destacan uno de movilidad personal, uno de movilidad de barrio y uno para entregas de mercanc\u00eda.<\/p>\n<p>\u201cOlinia ser\u00e1 la primera armadora mexicana de mini veh\u00edculos desarrollados por ingenier\u00eda mexicana. Olinia ofrecer\u00e1 una opci\u00f3n de movilidad urbana segura, eficiente, sustentable y al alcance de millones de mexicanos y mexicanas. \u00bfQu\u00e9 es un mini veh\u00edculo? Un mini veh\u00edculo es un veh\u00edculo el\u00e9ctrico que se puede cargar en cualquier enchufe convencional, es un veh\u00edculo de bajo costo y que es particularmente \u00fatil para la movilidad urbana\u201d, explic\u00f3.<\/p>\n<p>Frente a la presidenta Claudia Sheinbaum Pardo, el encargado del proyecto sostuvo que el precio de estos veh\u00edculos rondar\u00e1 los 90 y los 150 mil pesos, dependiendo el modelo de carro.<\/p>\n<p>\u201cEste precio acoplado a modelos de financiamiento justos nos permitir\u00e1 lograr que la movilidad el\u00e9ctrica est\u00e9 al alcance de millones de mexicanos y mexicanas. Este plan es tan ambicioso como es audaz\u201d, coment\u00f3.<\/p>\n<p>\u00bfQui\u00e9nes participar\u00e1n en la creaci\u00f3n y dise\u00f1o de los veh\u00edculos?<br \/>\nEn cuanto a quienes participar\u00e1n en la creaci\u00f3n de los veh\u00edculos, detall\u00f3 que participar\u00e1n alumnos del Instituto Polit\u00e9cnico Nacional (IPN) y los alumnos del Tecnol\u00f3gico Nacional de M\u00e9xico.<\/p>\n<p>Incluso, expuso que la meta durante este sexenio es que a final del gobierno de la presidenta haya inversi\u00f3n p\u00fablica y privada para la creaci\u00f3n de los tres modelos de veh\u00edculos, adem\u00e1s agreg\u00f3 que se pretende presentar en el partido de inauguraci\u00f3n del Mundial de 2026 el primer carro de Olinia.<\/p>\n","protected":false},"excerpt":{"rendered":"<p>\ud83d\udd38Dicha armadora ofrecer\u00e1 una opci\u00f3n de movilidad segura, eficiente, sustentable a todos los mexicanos #NACIONAL&#8230;<\/p>\n","protected":false},"author":1,"featured_media":27394,"comment_status":"open","ping_status":"closed","sticky":false,"template":"","format":"standard","meta":{"footnotes":""},"categories":[7],"tags":[],"class_list":["post-27392","post","type-post","status-publish","format-standard","has-post-thumbnail","hentry","category-nacional"],"_links":{"self":[{"href":"https:\/\/sacramentoqr.com\/index.php?rest_route=\/wp\/v2\/posts\/27392","targetHints":{"allow":["GET"]}}],"collection":[{"href":"https:\/\/sacramentoqr.com\/index.php?rest_route=\/wp\/v2\/posts"}],"about":[{"href":"https:\/\/sacramentoqr.com\/index.php?rest_route=\/wp\/v2\/types\/post"}],"author":[{"embeddable":true,"href":"https:\/\/sacramentoqr.com\/index.php?rest_route=\/wp\/v2\/users\/1"}],"replies":[{"embeddable":true,"href":"https:\/\/sacramentoqr.com\/index.php?rest_route=%2Fwp%2Fv2%2Fcomments&post=27392"}],"version-history":[{"count":1,"href":"https:\/\/sacramentoqr.com\/index.php?rest_route=\/wp\/v2\/posts\/27392\/revisions"}],"predecessor-version":[{"id":27393,"href":"https:\/\/sacramentoqr.com\/index.php?rest_route=\/wp\/v2\/posts\/27392\/revisions\/27393"}],"wp:featuredmedia":[{"embeddable":true,"href":"https:\/\/sacramentoqr.com\/index.php?rest_route=\/wp\/v2\/media\/27394"}],"wp:attachment":[{"href":"https:\/\/sacramentoqr.com\/index.php?rest_route=%2Fwp%2Fv2%2Fmedia&parent=27392"}],"wp:term":[{"taxonomy":"category","embeddable":true,"href":"https:\/\/sacramentoqr.com\/index.php?rest_route=%2Fwp%2Fv2%2Fcategories&post=27392"},{"taxonomy":"post_tag","embeddable":true,"href":"https:\/\/sacramentoqr.com\/index.php?rest_route=%2Fwp%2Fv2%2Ftags&post=27392"}],"curies":[{"name":"wp","href":"https:\/\/api.w.org\/{rel}","templated":true}]}}