{"id":27401,"date":"2025-01-07T10:54:25","date_gmt":"2025-01-07T15:54:25","guid":{"rendered":"https:\/\/sacramentoqr.com\/?p=27401"},"modified":"2025-01-07T15:54:26","modified_gmt":"2025-01-07T15:54:26","slug":"escuchar-conversaciones-privadas-con-siri-le-cuesta-a-apple-el-pago-de-95-mdd","status":"publish","type":"post","link":"https:\/\/sacramentoqr.com\/?p=27401","title":{"rendered":"Escuchar conversaciones privadas con Siri le cuesta a Apple el pago de 95 mdd"},"content":{"rendered":"<p>\ud83d\udd38 La demanda surgi\u00f3 en 2019, tras conocerse que, mediante un sistema de control de calidad para el asistente, varios empleados de la empresa escuchaban di\u00e1logos confidenciales<\/p>\n<p>#TECNOLOG\u00cdA | Apple acord\u00f3 pagar 95 millones de d\u00f3lares como respuesta a una demanda colectiva de 2019 que la acusa de violar la privacidad de los usuarios al grabar y escuchar conversaciones privadas mediante su asistente de voz Siri.<\/p>\n<p>La demanda surgi\u00f3 en 2019, tras conocerse que, mediante un sistema de control de calidad para el asistente Siri, varios empleados de Apple escuchaban conversaciones privadas entre usuarios y el asistente para evaluar su funcionamiento.<\/p>\n<p>Los empleados se\u00f1alaron en ese momento que entre los audios analizados se inclu\u00eda informaci\u00f3n privada y sensible, como discusiones entre doctores y pacientes, acuerdos de negocios, acuerdos criminales e, incluso, encuentros sexuales.<\/p>\n<p>Esto llev\u00f3 a Apple a reconocer que un equipo de empleados revisaba las interacciones con el asistente y evaluaba su proceso de calidad, que fue interrumpido temporalmente. Posteriormente, la tecnol\u00f3gica introdujo una actualizaci\u00f3n para mejorar la privacidad de Siri, permitiendo a los usuarios decidir si quer\u00edan participar en el proceso de evaluaci\u00f3n de calidad. Tambi\u00e9n asegur\u00f3 que ya no conservar\u00eda grabaciones de audio de las interacciones con Siri.<\/p>\n<p>Sin embargo, la demanda colectiva continu\u00f3, y algunos usuarios afectados se\u00f1alaron que, aunque se requiere pronunciar una palabra de activaci\u00f3n para iniciar la escucha de Siri, el asistente se activaba accidentalmente con frecuencia, lo que permit\u00eda escuchar conversaciones privadas, seg\u00fan recogi\u00f3 The Verge.<\/p>\n<p>Cinco a\u00f1os despu\u00e9s, Apple resolvi\u00f3 la demanda con el pago de 95 millones de d\u00f3lares (alrededor de 92 millones de euros al cambio) entre los usuarios afectados. En caso de aprobarse, el acuerdo aplicar\u00e1 a usuarios estadounidenses que compraron un dispositivo de Apple con Siri habilitado entre el 17 de septiembre de 2014 y el 31 de diciembre de 2024.<\/p>\n<p>El documento del acuerdo especifica que los usuarios que deseen recibir esta compensaci\u00f3n deber\u00e1n asegurar que activaron Siri de forma accidental durante una conversaci\u00f3n privada. Los 95 millones de d\u00f3lares se repartir\u00e1n de forma prorrateada seg\u00fan la cantidad de reclamaciones, permitiendo un m\u00e1ximo de 20 d\u00f3lares por dispositivo.<\/p>\n<p>Est\u00e1 previsto que el pr\u00f3ximo 14 de febrero se celebre una audiencia judicial para revisar los t\u00e9rminos del acuerdo y aprobarlo de forma definitiva en el tribunal de distrito norte de California (Estados Unidos), presidido por el juez Jeffrey White.<\/p>\n","protected":false},"excerpt":{"rendered":"<p>\ud83d\udd38 La demanda surgi\u00f3 en 2019, tras conocerse que, mediante un sistema de control de&#8230;<\/p>\n","protected":false},"author":1,"featured_media":27403,"comment_status":"open","ping_status":"closed","sticky":false,"template":"","format":"standard","meta":{"footnotes":""},"categories":[12],"tags":[],"class_list":["post-27401","post","type-post","status-publish","format-standard","has-post-thumbnail","hentry","category-tecnologia"],"_links":{"self":[{"href":"https:\/\/sacramentoqr.com\/index.php?rest_route=\/wp\/v2\/posts\/27401","targetHints":{"allow":["GET"]}}],"collection":[{"href":"https:\/\/sacramentoqr.com\/index.php?rest_route=\/wp\/v2\/posts"}],"about":[{"href":"https:\/\/sacramentoqr.com\/index.php?rest_route=\/wp\/v2\/types\/post"}],"author":[{"embeddable":true,"href":"https:\/\/sacramentoqr.com\/index.php?rest_route=\/wp\/v2\/users\/1"}],"replies":[{"embeddable":true,"href":"https:\/\/sacramentoqr.com\/index.php?rest_route=%2Fwp%2Fv2%2Fcomments&post=27401"}],"version-history":[{"count":1,"href":"https:\/\/sacramentoqr.com\/index.php?rest_route=\/wp\/v2\/posts\/27401\/revisions"}],"predecessor-version":[{"id":27402,"href":"https:\/\/sacramentoqr.com\/index.php?rest_route=\/wp\/v2\/posts\/27401\/revisions\/27402"}],"wp:featuredmedia":[{"embeddable":true,"href":"https:\/\/sacramentoqr.com\/index.php?rest_route=\/wp\/v2\/media\/27403"}],"wp:attachment":[{"href":"https:\/\/sacramentoqr.com\/index.php?rest_route=%2Fwp%2Fv2%2Fmedia&parent=27401"}],"wp:term":[{"taxonomy":"category","embeddable":true,"href":"https:\/\/sacramentoqr.com\/index.php?rest_route=%2Fwp%2Fv2%2Fcategories&post=27401"},{"taxonomy":"post_tag","embeddable":true,"href":"https:\/\/sacramentoqr.com\/index.php?rest_route=%2Fwp%2Fv2%2Ftags&post=27401"}],"curies":[{"name":"wp","href":"https:\/\/api.w.org\/{rel}","templated":true}]}}