{"id":27421,"date":"2025-01-08T10:59:58","date_gmt":"2025-01-08T15:59:58","guid":{"rendered":"https:\/\/sacramentoqr.com\/?p=27421"},"modified":"2025-01-08T15:59:59","modified_gmt":"2025-01-08T15:59:59","slug":"deschamps-dejara-de-ser-tecnico-de-francia-en-2026","status":"publish","type":"post","link":"https:\/\/sacramentoqr.com\/?p=27421","title":{"rendered":"Deschamps dejar\u00e1 de ser t\u00e9cnico de Francia en 2026"},"content":{"rendered":"<p>\ud83d\udd36\ufe0f El timonel indic\u00f3 que sabe decir \u2018stop\u2019 en el momento indicado, por lo que su tiempo cumplir\u00e1 con la selecci\u00f3n \u00abblue\u00bb<\/p>\n<p>&nbsp;<\/p>\n<p>#DEPORTES | Didier Deschamps, t\u00e9cnico de\u00a0Francia, confirm\u00f3 que dejar\u00e1 el cargo despu\u00e9s del\u00a0Mundial de 2026, un anuncio que volvi\u00f3 a disparar las especulaciones sobre una eventual llegada de\u00a0Zinedine Zidane\u00a0al banquillo galo.<\/p>\n<p>\u201cSer\u00e1 en 2026\u201d, dijo a la cadena de televisi\u00f3n TF1 el t\u00e9cnico que llev\u00f3 a los &#8216;Bleus&#8217; a conquistar su segunda Copa del Mundo en 2018 y a la final en Qatar 2022.<\/p>\n<p>\u201cLlevo desde 2012, est\u00e1 planeado que siga hasta 2026 (&#8230;) en el pr\u00f3ximo Mundial. Terminar\u00e1 all\u00ed porque debe terminar en alg\u00fan momento. En mi cabeza est\u00e1 claro\u201d, asegur\u00f3 el t\u00e9cnico de 56 a\u00f1os.<\/p>\n<p>\u201cHe cumplido mi tiempo, con el mismo deseo, con la misma pasi\u00f3n\u00a0para mantener a la selecci\u00f3n francesa al m\u00e1ximo nivel, pero 2026 est\u00e1 bien\u201d, agreg\u00f3.<\/p>\n<p>Bajo la tutela del exjugador de la Juventus de Tur\u00edn, Francia gan\u00f3 el Mundial de 2018 y la Liga de las Naciones de 2021, adem\u00e1s de alcanzar las finales de la Eurocopa de 2016 y de la Copa Mundial de 2022.<\/p>\n<p>Despu\u00e9s de esta \u00faltima final perdida ante Argentina en Qatar, el entrenador renov\u00f3 por cuatro a\u00f1os m\u00e1s en el cargo, una decisi\u00f3n que suscit\u00f3 cr\u00edticas en ese momento.<\/p>\n<p>El juego poco vistoso de\u00a0Francia\u00a0en la \u00faltima Eurocopa acentu\u00f3 los debates sobre el t\u00e9cnico que, pese a ello, consigui\u00f3 llevar a su selecci\u00f3n hasta las semifinales.<br \/>\nEn los \u00faltimos meses, adem\u00e1s, el t\u00e9cnico ha tenido que afrontar varias cuestiones complicadas, como el mal momento de la estrella\u00a0Kylian Mbapp\u00e9, tanto deportivamente como fuera de los terrenos de juego luego de una investigaci\u00f3n por violaci\u00f3n tras una estancia en Estocolmo, caso que se cerr\u00f3 m\u00e1s tarde sin ninguna acusaci\u00f3n formal, y la retirada de Antoine Griezmann, uno de los pilares del equipo en la \u00faltima d\u00e9cada.<\/p>\n<p>Antes de dejar el cargo,\u00a0Deschamps\u00a0tiene varios objetivos en mente. Los &#8216;Bleus&#8217; disputar\u00e1n en marzo los cuartos de final de la Liga de Naciones contra Croacia, con la &#8216;Final 4&#8217; de esta competici\u00f3n en junio en caso de clasificaci\u00f3n de los franceses.<\/p>\n<p>Y luego comenzar\u00e1 la fase de clasificaci\u00f3n para el\u00a0Mundial 2026, cuya fase final se celebrar\u00e1 en Estados Unidos, M\u00e9xico y Canad\u00e1.<br \/>\n\u00abNunca deseas que se acabe cuando la historia es bella, pero\u00a0hay que saber decir &#8216;stop&#8217;. Hay una vida m\u00e1s all\u00e1, no s\u00e9 cu\u00e1l ser\u00e1, pero tambi\u00e9n estar\u00e1 bien\u00bb, concluy\u00f3 Deschamps.<\/p>\n<p>Capit\u00e1n de la selecci\u00f3n francesa que gan\u00f3 el Mundial organizado en su pa\u00eds en 1998, Deschamps es uno de los tres profesionales que levant\u00f3 el t\u00edtulo como jugador y como entrenador junto al brasile\u00f1o Mario Zagallo y el alem\u00e1n Franz Beckenbauer.<\/p>\n<p>Deschamps\u00a0confirm\u00f3 as\u00ed las informaciones filtradas el martes por la noche por una fuente interna de los &#8216;Bleus&#8217; a diversos medios franceses.<br \/>\nEl anuncio del final de Deschamps abrir\u00e1 el debate sobre su sucesor y todo apunta a la llegada de Zinedine Zidane a la selecci\u00f3n francesa.<\/p>\n","protected":false},"excerpt":{"rendered":"<p>\ud83d\udd36\ufe0f El timonel indic\u00f3 que sabe decir \u2018stop\u2019 en el momento indicado, por lo que&#8230;<\/p>\n","protected":false},"author":1,"featured_media":27423,"comment_status":"open","ping_status":"closed","sticky":false,"template":"","format":"standard","meta":{"footnotes":""},"categories":[3],"tags":[],"class_list":["post-27421","post","type-post","status-publish","format-standard","has-post-thumbnail","hentry","category-deportes"],"_links":{"self":[{"href":"https:\/\/sacramentoqr.com\/index.php?rest_route=\/wp\/v2\/posts\/27421","targetHints":{"allow":["GET"]}}],"collection":[{"href":"https:\/\/sacramentoqr.com\/index.php?rest_route=\/wp\/v2\/posts"}],"about":[{"href":"https:\/\/sacramentoqr.com\/index.php?rest_route=\/wp\/v2\/types\/post"}],"author":[{"embeddable":true,"href":"https:\/\/sacramentoqr.com\/index.php?rest_route=\/wp\/v2\/users\/1"}],"replies":[{"embeddable":true,"href":"https:\/\/sacramentoqr.com\/index.php?rest_route=%2Fwp%2Fv2%2Fcomments&post=27421"}],"version-history":[{"count":1,"href":"https:\/\/sacramentoqr.com\/index.php?rest_route=\/wp\/v2\/posts\/27421\/revisions"}],"predecessor-version":[{"id":27422,"href":"https:\/\/sacramentoqr.com\/index.php?rest_route=\/wp\/v2\/posts\/27421\/revisions\/27422"}],"wp:featuredmedia":[{"embeddable":true,"href":"https:\/\/sacramentoqr.com\/index.php?rest_route=\/wp\/v2\/media\/27423"}],"wp:attachment":[{"href":"https:\/\/sacramentoqr.com\/index.php?rest_route=%2Fwp%2Fv2%2Fmedia&parent=27421"}],"wp:term":[{"taxonomy":"category","embeddable":true,"href":"https:\/\/sacramentoqr.com\/index.php?rest_route=%2Fwp%2Fv2%2Fcategories&post=27421"},{"taxonomy":"post_tag","embeddable":true,"href":"https:\/\/sacramentoqr.com\/index.php?rest_route=%2Fwp%2Fv2%2Ftags&post=27421"}],"curies":[{"name":"wp","href":"https:\/\/api.w.org\/{rel}","templated":true}]}}