{"id":27424,"date":"2025-01-08T11:07:23","date_gmt":"2025-01-08T16:07:23","guid":{"rendered":"https:\/\/sacramentoqr.com\/?p=27424"},"modified":"2025-01-08T16:07:24","modified_gmt":"2025-01-08T16:07:24","slug":"el-cafe-por-la-manana-puede-proteger-el-corazon-mejor-que-tomarlo-durante-todo-el-dia","status":"publish","type":"post","link":"https:\/\/sacramentoqr.com\/?p=27424","title":{"rendered":"El caf\u00e9 por la ma\u00f1ana puede proteger el coraz\u00f3n mejor que tomarlo durante todo el d\u00eda"},"content":{"rendered":"<p>\ud83d\udd38 El consumo no aumenta el riesgo de enfermedades cardiovasculares, y parece reducir el riesgo de algunas cr\u00f3nicas, como la diabetes de tipo 2<\/p>\n<p>#SALUD | Las personas que beben caf\u00e9 por la ma\u00f1ana tienen un menor riesgo de morir por enfermedad cardiovascular y de mortalidad global en comparaci\u00f3n con los que lo hacen durante todo el d\u00eda, seg\u00fan un estudio que publica la revista European Heart Journal.<\/p>\n<p>La investigaci\u00f3n, dirigida por la Universidad de Tulane (EE.UU.), incluy\u00f3 a 40 mil 725 adultos que participaron en la Encuesta Nacional de Examen de Salud y Nutrici\u00f3n de Estados Unidos (NHANES) entre 1999 y 2018.<\/p>\n<p>Alrededor del 36 por ciento de los participantes en el estudio tomaban caf\u00e9 por la ma\u00f1ana, principalmente antes del mediod\u00eda; el 16 por ciento a lo largo de todo el d\u00eda y el 48 por ciento no consum\u00eda este producto.<\/p>\n<p>Los resultados se\u00f1alan que, en comparaci\u00f3n con las personas que no tomaban caf\u00e9, aquellos que lo consum\u00edan por la ma\u00f1ana ten\u00edan un 16 por ciento menos de probabilidades de morir por cualquier causa y un 31 por ciento menos de morir por enfermedad cardiovascular.<\/p>\n<p>Sin embargo, no hubo reducci\u00f3n del riesgo para los bebedores de caf\u00e9 durante todo el d\u00eda en comparaci\u00f3n con quienes no lo tomaban, inform\u00f3, en un comunicado la Universidad de Tulane.<\/p>\n<p>Adem\u00e1s, los bebedores de caf\u00e9 por la ma\u00f1ana se beneficiaron de los menores riesgos, tanto si eran bebedores moderados (de dos a tres tazas), como si tomaban m\u00e1s de tres, mientras que los que consum\u00edan una taza o menos tuvieron una menor disminuci\u00f3n del riesgo.<\/p>\n<p>Las investigaciones realizadas hasta ahora \u201csugieren que el consumo de caf\u00e9 no aumenta el riesgo de enfermedades cardiovasculares, y parece reducir el riesgo de algunas cr\u00f3nicas, como la diabetes de tipo 2\u201d, indic\u00f3 el investigador Lu Qi, que encabez\u00f3 la investigaci\u00f3n.<\/p>\n<p>Dados los efectos que la cafe\u00edna tiene en el organismo, quer\u00edan comprobar \u201csi el momento del d\u00eda en que se bebe caf\u00e9 tiene alguna repercusi\u00f3n en la salud del coraz\u00f3n\u201d, agreg\u00f3 en la nota.<\/p>\n<p>Los resultados indican -destac\u00f3- que \u201clo importante no es solo si se toma caf\u00e9 o cu\u00e1nto se toma, sino el momento del d\u00eda en que se toma\u201d. \u201cNo solemos dar consejos sobre el momento en que se toma el caf\u00e9 en nuestras orientaciones diet\u00e9ticas, pero quiz\u00e1 deber\u00edamos pensar en ello en el futuro\u201d.<\/p>\n<p>La investigaci\u00f3n no dice por qu\u00e9 tomar caf\u00e9 por la ma\u00f1ana reduce el riesgo de muerte por enfermedad cardiovascular, pero Lu apunt\u00f3 una posible explicaci\u00f3n.<\/p>\n<p>\u201cConsumir caf\u00e9 por la tarde o por la noche puede alterar los ritmos circadianos y los niveles de hormonas como la melatonina. Esto, a su vez, provoca cambios en factores de riesgo cardiovascular como la inflamaci\u00f3n y la presi\u00f3n arterial\u201d.<\/p>\n<p>El investigador indic\u00f3 que son necesarios m\u00e1s estudios para validar estos hallazgos en otras poblaciones, as\u00ed como ensayos cl\u00ednicos para probar el impacto potencial de cambiar la hora del d\u00eda en que la gente toma caf\u00e9.<\/p>\n<p>Como parte del estudio, se pregunt\u00f3 a los participantes sobre todos los alimentos y bebidas que consumieron al menos un d\u00eda, incluido si beb\u00edan caf\u00e9, cu\u00e1nto y cu\u00e1ndo.<\/p>\n<p>Tambi\u00e9n incluy\u00f3 un subgrupo de mil 463 personas a las que se pidi\u00f3 que completaran un diario detallado de alimentos y bebidas durante una semana completa.<\/p>\n<p>Los investigadores pudieron relacionar esta informaci\u00f3n con los registros de defunciones y la causa de muerte durante un periodo de nueve a diez a\u00f1os.<\/p>\n<p>En un editorial que acompa\u00f1a a la investigaci\u00f3n, Thomas L\u00fcscher, de los Hospitales Royal Brompton y Harefield de Londres (Reino Unido), indic\u00f3 que es posible, como se\u00f1alan los autores, que el consumo de caf\u00e9 por la tarde o por la noche altere el ritmo circadiano de la actividad simp\u00e1tica.<\/p>\n<p>Durante la ma\u00f1ana \u201csuele producirse un marcado aumento de la actividad simp\u00e1tica al despertarnos y levantarnos de la cama, un efecto que se desvanece durante el d\u00eda y alcanza su nivel m\u00e1s bajo durante el sue\u00f1o\u201d.<\/p>\n<p>Muchos bebedores de caf\u00e9 durante todo el d\u00eda sufren trastornos del sue\u00f1o. \u201cEn este contexto, -escribe L\u00fcscher-, resulta interesante el hecho de que el caf\u00e9 parece suprimir la melatonina, un importante mediador del sue\u00f1o en el cerebro\u201d.<\/p>\n","protected":false},"excerpt":{"rendered":"<p>\ud83d\udd38 El consumo no aumenta el riesgo de enfermedades cardiovasculares, y parece reducir el riesgo&#8230;<\/p>\n","protected":false},"author":1,"featured_media":27426,"comment_status":"open","ping_status":"closed","sticky":false,"template":"","format":"standard","meta":{"footnotes":""},"categories":[11],"tags":[],"class_list":["post-27424","post","type-post","status-publish","format-standard","has-post-thumbnail","hentry","category-salud"],"_links":{"self":[{"href":"https:\/\/sacramentoqr.com\/index.php?rest_route=\/wp\/v2\/posts\/27424","targetHints":{"allow":["GET"]}}],"collection":[{"href":"https:\/\/sacramentoqr.com\/index.php?rest_route=\/wp\/v2\/posts"}],"about":[{"href":"https:\/\/sacramentoqr.com\/index.php?rest_route=\/wp\/v2\/types\/post"}],"author":[{"embeddable":true,"href":"https:\/\/sacramentoqr.com\/index.php?rest_route=\/wp\/v2\/users\/1"}],"replies":[{"embeddable":true,"href":"https:\/\/sacramentoqr.com\/index.php?rest_route=%2Fwp%2Fv2%2Fcomments&post=27424"}],"version-history":[{"count":1,"href":"https:\/\/sacramentoqr.com\/index.php?rest_route=\/wp\/v2\/posts\/27424\/revisions"}],"predecessor-version":[{"id":27425,"href":"https:\/\/sacramentoqr.com\/index.php?rest_route=\/wp\/v2\/posts\/27424\/revisions\/27425"}],"wp:featuredmedia":[{"embeddable":true,"href":"https:\/\/sacramentoqr.com\/index.php?rest_route=\/wp\/v2\/media\/27426"}],"wp:attachment":[{"href":"https:\/\/sacramentoqr.com\/index.php?rest_route=%2Fwp%2Fv2%2Fmedia&parent=27424"}],"wp:term":[{"taxonomy":"category","embeddable":true,"href":"https:\/\/sacramentoqr.com\/index.php?rest_route=%2Fwp%2Fv2%2Fcategories&post=27424"},{"taxonomy":"post_tag","embeddable":true,"href":"https:\/\/sacramentoqr.com\/index.php?rest_route=%2Fwp%2Fv2%2Ftags&post=27424"}],"curies":[{"name":"wp","href":"https:\/\/api.w.org\/{rel}","templated":true}]}}