{"id":27432,"date":"2025-01-09T11:32:41","date_gmt":"2025-01-09T16:32:41","guid":{"rendered":"https:\/\/sacramentoqr.com\/?p=27432"},"modified":"2025-01-09T16:32:43","modified_gmt":"2025-01-09T16:32:43","slug":"el-argentino-luka-romero-en-la-orbita-de-chivas-como-cuarto-refuerzo-de-cara-al-clausura-2025","status":"publish","type":"post","link":"https:\/\/sacramentoqr.com\/?p=27432","title":{"rendered":"El argentino Luka Romero en la \u00f3rbita de Chivas como cuarto refuerzo de cara al Clausura 2025"},"content":{"rendered":"<p>\ud83d\udd38 El Reba\u00f1o Sagrado buscar\u00eda repatriar al joven jugador de 20 a\u00f1os en este mercado de invierno<\/p>\n<p>#DEPORTES | El futbolista mexico-argentino, Luka Romero se encuentra en la \u00f3rbita de Chivas para convertirse en el cuarto refuerzo del Guadalajara de cara al Torneo Clausura 2024.<\/p>\n<p>Fuentes cercanas a un medio de comunicaci\u00f3n nacional han confirmado que la directiva Rojiblanca est\u00e1 interesada en el futbolista de 20 a\u00f1os para sumarlo a sus filas y apuntalar con un elemento m\u00e1s la ofensiva del Guadalajara.<\/p>\n<p>Luka Romero actualmente se encuentra cedido con el Deportivo Alav\u00e9s de la Liga Espa\u00f1ola, pero su carta pertenece al AC Milan de Italia, por lo que la directiva de Chivas ha sostenido charlas con el club \u2018Rossonero\u2019 ante el inter\u00e9s por el futbolista nacido en M\u00e9xico.<\/p>\n<p>La falta de actividad ha sido uno de los principales aspectos por los que el futbolista buscar\u00eda terminar su pr\u00e9stamo con el Alav\u00e9s de la Liga Espa\u00f1ola, debido a que en el pasado semestre \u00fanicamente ha participado en seis partidos, situaci\u00f3n que favorece al Guadalajara ante el inter\u00e9s mostrado por sus servicios.<\/p>\n<p>El futbolista de 20 a\u00f1os de edad, nacido en Victoria, Durango es mexicano por nacimiento y aunque ha rechazado el jugar para la Selecci\u00f3n Mexicana, pese a su corta edad cuenta con una amplia experiencia en el futbol europeo, luego de que ha portado la camiseta de clubes como: Mallorca, Lazio, AC Milan, Almer\u00eda y Alav\u00e9s.<\/p>\n","protected":false},"excerpt":{"rendered":"<p>\ud83d\udd38 El Reba\u00f1o Sagrado buscar\u00eda repatriar al joven jugador de 20 a\u00f1os en este mercado&#8230;<\/p>\n","protected":false},"author":1,"featured_media":27434,"comment_status":"open","ping_status":"closed","sticky":false,"template":"","format":"standard","meta":{"footnotes":""},"categories":[3],"tags":[],"class_list":["post-27432","post","type-post","status-publish","format-standard","has-post-thumbnail","hentry","category-deportes"],"_links":{"self":[{"href":"https:\/\/sacramentoqr.com\/index.php?rest_route=\/wp\/v2\/posts\/27432","targetHints":{"allow":["GET"]}}],"collection":[{"href":"https:\/\/sacramentoqr.com\/index.php?rest_route=\/wp\/v2\/posts"}],"about":[{"href":"https:\/\/sacramentoqr.com\/index.php?rest_route=\/wp\/v2\/types\/post"}],"author":[{"embeddable":true,"href":"https:\/\/sacramentoqr.com\/index.php?rest_route=\/wp\/v2\/users\/1"}],"replies":[{"embeddable":true,"href":"https:\/\/sacramentoqr.com\/index.php?rest_route=%2Fwp%2Fv2%2Fcomments&post=27432"}],"version-history":[{"count":1,"href":"https:\/\/sacramentoqr.com\/index.php?rest_route=\/wp\/v2\/posts\/27432\/revisions"}],"predecessor-version":[{"id":27433,"href":"https:\/\/sacramentoqr.com\/index.php?rest_route=\/wp\/v2\/posts\/27432\/revisions\/27433"}],"wp:featuredmedia":[{"embeddable":true,"href":"https:\/\/sacramentoqr.com\/index.php?rest_route=\/wp\/v2\/media\/27434"}],"wp:attachment":[{"href":"https:\/\/sacramentoqr.com\/index.php?rest_route=%2Fwp%2Fv2%2Fmedia&parent=27432"}],"wp:term":[{"taxonomy":"category","embeddable":true,"href":"https:\/\/sacramentoqr.com\/index.php?rest_route=%2Fwp%2Fv2%2Fcategories&post=27432"},{"taxonomy":"post_tag","embeddable":true,"href":"https:\/\/sacramentoqr.com\/index.php?rest_route=%2Fwp%2Fv2%2Ftags&post=27432"}],"curies":[{"name":"wp","href":"https:\/\/api.w.org\/{rel}","templated":true}]}}