{"id":27438,"date":"2025-01-09T11:39:07","date_gmt":"2025-01-09T16:39:07","guid":{"rendered":"https:\/\/sacramentoqr.com\/?p=27438"},"modified":"2025-01-09T16:39:11","modified_gmt":"2025-01-09T16:39:11","slug":"al-reanudarse-las-clases-encabeza-blanca-merari-ceremonia-civica-en-un-kinder","status":"publish","type":"post","link":"https:\/\/sacramentoqr.com\/?p=27438","title":{"rendered":"Al reanudarse las clases, encabeza Blanca Merari ceremonia c\u00edvica en un kinder"},"content":{"rendered":"<p>\ud83d\udd38 Acompa\u00f1a a los 145 alumnos del k\u00ednder \u201cTeresa de Jes\u00fas Maga\u00f1a Herrera\u201d, quienes forman parte de los 5 mil 771 estudiantes de 28 escuelas del municipio, incluidas las que funcionan con doble turno, que hoy retornaron a sus planteles<\/p>\n<p>#QUINTANAROO | La presidenta municipal Blanca Merari Tziu Mu\u00f1oz particip\u00f3 esta ma\u00f1ana en la ceremonia c\u00edvica efectuada en el Jard\u00edn de Ni\u00f1os \u201cTereza de Jes\u00fas Maga\u00f1a Herrera\u201d, ubicada en Villas la Playa, en esta cabecera municipal, que marc\u00f3 el retorno a clases luego del periodo vacacional decembrino.<\/p>\n<p>Luego de desear un feliz a\u00f1o nuevo a los 145 peque\u00f1os y felicitarlos por estar de nuevo en el plantel, en el arranque de la segunda parte del ciclo escolar, los invit\u00f3 a aprender, divertirse y so\u00f1ar, pero tambi\u00e9n a aprovechar las ense\u00f1anzas de sus maestros.<\/p>\n<p>Asimismo, hizo extensiva la felicitaci\u00f3n a la directora Ivette Erosa Mart\u00ednez y a las maestras, quienes con profesionalismo y paciencia gu\u00edan a sus alumnas y alumnos en el camino de la educaci\u00f3n formal.<\/p>\n<p>En la ceremonia, en la que particip\u00f3 la escolta de la Secretar\u00eda de Seguridad Ciudadana, se rindieron honores a la bandera y se cantaron los himnos de Quintana Roo y Nacional Mexicano. El peque\u00f1o Humberto Sebasti\u00e1n dirigi\u00f3 el Juramento a la Bandera.<\/p>\n<p>Junto con este plantel, en el que funcionan cinco grupos, en el municipio retornaron a clases 5 mil 771 estudiantes de 28 escuelas, incluidas las que trabajan con doble turno.<\/p>\n<p>La directora del Instituto Municipal de Educaci\u00f3n, Sara S\u00e1nchez Canul, precis\u00f3 que en el municipio funcionan nueve planteles de preescolar, 13 primarias, cuatro secundarias y dos escuelas de nivel bachillerato.<\/p>\n<p>La Presidenta Municipal estuvo acompa\u00f1ada por el regidor Jairo Botes Betancourt, secretarios y directores del Ayuntamiento.<\/p>\n","protected":false},"excerpt":{"rendered":"<p>\ud83d\udd38 Acompa\u00f1a a los 145 alumnos del k\u00ednder \u201cTeresa de Jes\u00fas Maga\u00f1a Herrera\u201d, quienes forman&#8230;<\/p>\n","protected":false},"author":1,"featured_media":27440,"comment_status":"open","ping_status":"closed","sticky":false,"template":"","format":"standard","meta":{"footnotes":""},"categories":[10],"tags":[],"class_list":["post-27438","post","type-post","status-publish","format-standard","has-post-thumbnail","hentry","category-quintana-roo"],"_links":{"self":[{"href":"https:\/\/sacramentoqr.com\/index.php?rest_route=\/wp\/v2\/posts\/27438","targetHints":{"allow":["GET"]}}],"collection":[{"href":"https:\/\/sacramentoqr.com\/index.php?rest_route=\/wp\/v2\/posts"}],"about":[{"href":"https:\/\/sacramentoqr.com\/index.php?rest_route=\/wp\/v2\/types\/post"}],"author":[{"embeddable":true,"href":"https:\/\/sacramentoqr.com\/index.php?rest_route=\/wp\/v2\/users\/1"}],"replies":[{"embeddable":true,"href":"https:\/\/sacramentoqr.com\/index.php?rest_route=%2Fwp%2Fv2%2Fcomments&post=27438"}],"version-history":[{"count":1,"href":"https:\/\/sacramentoqr.com\/index.php?rest_route=\/wp\/v2\/posts\/27438\/revisions"}],"predecessor-version":[{"id":27439,"href":"https:\/\/sacramentoqr.com\/index.php?rest_route=\/wp\/v2\/posts\/27438\/revisions\/27439"}],"wp:featuredmedia":[{"embeddable":true,"href":"https:\/\/sacramentoqr.com\/index.php?rest_route=\/wp\/v2\/media\/27440"}],"wp:attachment":[{"href":"https:\/\/sacramentoqr.com\/index.php?rest_route=%2Fwp%2Fv2%2Fmedia&parent=27438"}],"wp:term":[{"taxonomy":"category","embeddable":true,"href":"https:\/\/sacramentoqr.com\/index.php?rest_route=%2Fwp%2Fv2%2Fcategories&post=27438"},{"taxonomy":"post_tag","embeddable":true,"href":"https:\/\/sacramentoqr.com\/index.php?rest_route=%2Fwp%2Fv2%2Ftags&post=27438"}],"curies":[{"name":"wp","href":"https:\/\/api.w.org\/{rel}","templated":true}]}}