{"id":27518,"date":"2025-01-14T10:27:44","date_gmt":"2025-01-14T15:27:44","guid":{"rendered":"https:\/\/sacramentoqr.com\/?p=27518"},"modified":"2025-01-14T15:27:45","modified_gmt":"2025-01-14T15:27:45","slug":"ricardo-monreal-destaca-la-unidad-y-el-compromiso-del-grupo-parlamentario-de-morena-para-el-proximo-periodo-legislativo","status":"publish","type":"post","link":"https:\/\/sacramentoqr.com\/?p=27518","title":{"rendered":"Ricardo Monreal destaca la unidad y el compromiso del Grupo Parlamentario de Morena para el pr\u00f3ximo periodo legislativo"},"content":{"rendered":"<p>\ud83d\udd38 El coordinador del grupo parlamentario resalt\u00f3 la importancia de la armon\u00eda dentro de la bancada y reafirm\u00f3 su compromiso con la continuidad de la transformaci\u00f3n del pa\u00eds.<\/p>\n<p>#CDMX | Ricardo Monreal \u00c1vila, coordinador del Grupo Parlamentario de Morena en la C\u00e1mara de Diputados, inform\u00f3 que la bancada se est\u00e1 preparando para analizar su agenda legislativa en la pr\u00f3xima reuni\u00f3n plenaria, de cara al inicio del periodo ordinario de sesiones el 1 de febrero. El legislador destac\u00f3 que, durante el acto celebrado por la presidenta Claudia Sheinbaum para conmemorar sus primeros 100 d\u00edas de gobierno, se discutieron temas clave relacionados con la agenda legislativa, subrayando la importancia de alcanzar acuerdos y mantener la unidad dentro del grupo para seguir avanzando en el proceso de transformaci\u00f3n que encabeza el gobierno federal.<\/p>\n<p>\u201cEstamos enfocados en mantener la armon\u00eda y unidad dentro de nuestro grupo parlamentario. La prioridad es continuar con el proceso de transformaci\u00f3n y garantizar que nuestras iniciativas legislativas respondan a las necesidades de la poblaci\u00f3n\u201d, explic\u00f3 Monreal, quien tambi\u00e9n destac\u00f3 la relevancia de trabajar de manera conjunta con la presidenta Sheinbaum para avanzar en los proyectos que favorezcan el desarrollo del pa\u00eds.<\/p>\n<p>Sobre las especulaciones en torno a su posible salida del cargo, as\u00ed como la de Ad\u00e1n Augusto L\u00f3pez Hern\u00e1ndez, senador y tambi\u00e9n l\u00edder de Morena, Monreal respondi\u00f3 con calma: \u201cNo pasa nada, es parte de la libertad de expresi\u00f3n de todos. As\u00ed que se puede escribir sobre todo\u201d. Al ser cuestionado acerca de su relaci\u00f3n con L\u00f3pez Hern\u00e1ndez, Monreal asegur\u00f3 que existe un \u201crespeto mutuo\u201d y expres\u00f3: \u201cAmor y paz con el gran Ad\u00e1n, es un buen amigo y es un buen pol\u00edtico\u201d.<\/p>\n<p>En cuanto a las entrevistas a los aspirantes a jueces, magistrados y ministros, Monreal destac\u00f3 la importancia de este ejercicio y asegur\u00f3 que se llevar\u00e1 a cabo con total transparencia y pulcritud, garantizando que el proceso sea justo y conforme a los est\u00e1ndares m\u00e1s altos de integridad.<\/p>\n<p>Finalmente, el coordinador de la bancada de Morena hizo un llamado a mantener el enfoque en los temas que realmente afectan a la ciudadan\u00eda y reiter\u00f3 su compromiso de seguir trabajando para fortalecer las instituciones del pa\u00eds y seguir impulsando las reformas necesarias para el bienestar colectivo.<\/p>\n","protected":false},"excerpt":{"rendered":"<p>\ud83d\udd38 El coordinador del grupo parlamentario resalt\u00f3 la importancia de la armon\u00eda dentro de la&#8230;<\/p>\n","protected":false},"author":1,"featured_media":27520,"comment_status":"open","ping_status":"closed","sticky":false,"template":"","format":"standard","meta":{"footnotes":""},"categories":[17],"tags":[],"class_list":["post-27518","post","type-post","status-publish","format-standard","has-post-thumbnail","hentry","category-cdmx"],"_links":{"self":[{"href":"https:\/\/sacramentoqr.com\/index.php?rest_route=\/wp\/v2\/posts\/27518","targetHints":{"allow":["GET"]}}],"collection":[{"href":"https:\/\/sacramentoqr.com\/index.php?rest_route=\/wp\/v2\/posts"}],"about":[{"href":"https:\/\/sacramentoqr.com\/index.php?rest_route=\/wp\/v2\/types\/post"}],"author":[{"embeddable":true,"href":"https:\/\/sacramentoqr.com\/index.php?rest_route=\/wp\/v2\/users\/1"}],"replies":[{"embeddable":true,"href":"https:\/\/sacramentoqr.com\/index.php?rest_route=%2Fwp%2Fv2%2Fcomments&post=27518"}],"version-history":[{"count":1,"href":"https:\/\/sacramentoqr.com\/index.php?rest_route=\/wp\/v2\/posts\/27518\/revisions"}],"predecessor-version":[{"id":27519,"href":"https:\/\/sacramentoqr.com\/index.php?rest_route=\/wp\/v2\/posts\/27518\/revisions\/27519"}],"wp:featuredmedia":[{"embeddable":true,"href":"https:\/\/sacramentoqr.com\/index.php?rest_route=\/wp\/v2\/media\/27520"}],"wp:attachment":[{"href":"https:\/\/sacramentoqr.com\/index.php?rest_route=%2Fwp%2Fv2%2Fmedia&parent=27518"}],"wp:term":[{"taxonomy":"category","embeddable":true,"href":"https:\/\/sacramentoqr.com\/index.php?rest_route=%2Fwp%2Fv2%2Fcategories&post=27518"},{"taxonomy":"post_tag","embeddable":true,"href":"https:\/\/sacramentoqr.com\/index.php?rest_route=%2Fwp%2Fv2%2Ftags&post=27518"}],"curies":[{"name":"wp","href":"https:\/\/api.w.org\/{rel}","templated":true}]}}