{"id":27524,"date":"2025-01-14T10:35:57","date_gmt":"2025-01-14T15:35:57","guid":{"rendered":"https:\/\/sacramentoqr.com\/?p=27524"},"modified":"2025-01-14T15:35:59","modified_gmt":"2025-01-14T15:35:59","slug":"eduardo-ramirez-aguilar-busca-erradicar-las-peleas-de-gallos-y-carreras-de-caballos-en-chiapas","status":"publish","type":"post","link":"https:\/\/sacramentoqr.com\/?p=27524","title":{"rendered":"Eduardo Ram\u00edrez Aguilar busca erradicar las peleas de gallos y carreras de caballos en Chiapas"},"content":{"rendered":"<p>\ud83d\udd38 El gobernador de Chiapas ha propuesto eliminar estas pr\u00e1cticas en las ferias y palenques para evitar conflictos y violencia, pero la medida enfrenta rechazo de algunos sectores.<\/p>\n<p>#CHIAPAS | El gobernador de Chiapas, Eduardo Ram\u00edrez Aguilar, ha solicitado a los municipios del estado que no fomenten las peleas de gallos ni las carreras de caballos durante las ferias y palenques, con el fin de reducir los actos de violencia y la presencia de delincuentes en estos eventos. Esta propuesta ha generado reacciones encontradas entre la poblaci\u00f3n, especialmente entre los aficionados y organizadores de estas tradiciones.<\/p>\n<p>Durante un mensaje a trav\u00e9s de redes sociales, Ram\u00edrez Aguilar argument\u00f3 que estas actividades suelen terminar en situaciones conflictivas, lo que contribuye a la inseguridad en el estado. \u00abQuiero saber la opini\u00f3n del pueblo de Chiapas. \u00bfSi vamos para adelante o nos echamos para atr\u00e1s? Quiero ver si somos m\u00e1s los que queremos la paz\u00bb, expres\u00f3 el mandatario, invitando a los ciudadanos a participar en la consulta.<\/p>\n<p>El mandatario destac\u00f3 que los palenques no deben ser puntos de encuentro para la delincuencia, mencionando que este tipo de reuniones frecuentemente termina en altercados. Asegur\u00f3 que aunque la decisi\u00f3n podr\u00eda no ser popular, su principal prioridad es la seguridad de los chiapanecos.<\/p>\n<p>A pesar de esta postura, la reacci\u00f3n de los galleros y aficionados a estas actividades ha sido de protesta. Aseguran que la medida es represiva y defienden su derecho a mantener vivas estas tradiciones, argumentando que no son delincuentes, sino personas comprometidas con el cuidado de los animales, muchos de ellos profesionales en diversas \u00e1reas.<\/p>\n<p>Ante esta situaci\u00f3n, se ha convocado una manifestaci\u00f3n para el jueves 16 de enero en Tuxtla Guti\u00e9rrez, a partir de las 8:00 horas, con el objetivo de llegar a la Plaza Central. Los organizadores expresaron su desacuerdo con la medida y pidieron al gobernador reconsiderar su propuesta.<\/p>\n","protected":false},"excerpt":{"rendered":"<p>\ud83d\udd38 El gobernador de Chiapas ha propuesto eliminar estas pr\u00e1cticas en las ferias y palenques&#8230;<\/p>\n","protected":false},"author":1,"featured_media":27526,"comment_status":"open","ping_status":"closed","sticky":false,"template":"","format":"standard","meta":{"footnotes":""},"categories":[25],"tags":[],"class_list":["post-27524","post","type-post","status-publish","format-standard","has-post-thumbnail","hentry","category-chiapas"],"_links":{"self":[{"href":"https:\/\/sacramentoqr.com\/index.php?rest_route=\/wp\/v2\/posts\/27524","targetHints":{"allow":["GET"]}}],"collection":[{"href":"https:\/\/sacramentoqr.com\/index.php?rest_route=\/wp\/v2\/posts"}],"about":[{"href":"https:\/\/sacramentoqr.com\/index.php?rest_route=\/wp\/v2\/types\/post"}],"author":[{"embeddable":true,"href":"https:\/\/sacramentoqr.com\/index.php?rest_route=\/wp\/v2\/users\/1"}],"replies":[{"embeddable":true,"href":"https:\/\/sacramentoqr.com\/index.php?rest_route=%2Fwp%2Fv2%2Fcomments&post=27524"}],"version-history":[{"count":1,"href":"https:\/\/sacramentoqr.com\/index.php?rest_route=\/wp\/v2\/posts\/27524\/revisions"}],"predecessor-version":[{"id":27525,"href":"https:\/\/sacramentoqr.com\/index.php?rest_route=\/wp\/v2\/posts\/27524\/revisions\/27525"}],"wp:featuredmedia":[{"embeddable":true,"href":"https:\/\/sacramentoqr.com\/index.php?rest_route=\/wp\/v2\/media\/27526"}],"wp:attachment":[{"href":"https:\/\/sacramentoqr.com\/index.php?rest_route=%2Fwp%2Fv2%2Fmedia&parent=27524"}],"wp:term":[{"taxonomy":"category","embeddable":true,"href":"https:\/\/sacramentoqr.com\/index.php?rest_route=%2Fwp%2Fv2%2Fcategories&post=27524"},{"taxonomy":"post_tag","embeddable":true,"href":"https:\/\/sacramentoqr.com\/index.php?rest_route=%2Fwp%2Fv2%2Ftags&post=27524"}],"curies":[{"name":"wp","href":"https:\/\/api.w.org\/{rel}","templated":true}]}}