{"id":27599,"date":"2025-01-21T11:29:08","date_gmt":"2025-01-21T16:29:08","guid":{"rendered":"https:\/\/sacramentoqr.com\/?p=27599"},"modified":"2025-01-21T16:29:10","modified_gmt":"2025-01-21T16:29:10","slug":"ricardo-monreal-reitera-respaldo-a-claudia-sheinbaum-para-defender-la-soberania-de-mexico-ante-posibles-ordenes-ejecutivas-de-ee-uu","status":"publish","type":"post","link":"https:\/\/sacramentoqr.com\/?p=27599","title":{"rendered":"Ricardo Monreal reitera respaldo a Claudia Sheinbaum para defender la soberan\u00eda de M\u00e9xico ante posibles \u00f3rdenes ejecutivas de EE. UU."},"content":{"rendered":"<p>\ud83d\udd38 El coordinador del Grupo Parlamentario de Morena afirma que su bancada apoyar\u00e1 a la presidenta en la defensa de los migrantes y la independencia del pa\u00eds<\/p>\n<p>#CDMX | El coordinador del Grupo Parlamentario de Morena en la C\u00e1mara de Diputados, Ricardo Monreal \u00c1vila, reafirm\u00f3 este viernes el respaldo total de su bancada a la presidenta Claudia Sheinbaum Pardo en la defensa de la soberan\u00eda e independencia de M\u00e9xico, ante las posibles \u00f3rdenes ejecutivas del gobierno de Estados Unidos que puedan afectar al pa\u00eds, especialmente en temas migratorios.<\/p>\n<p>\u201cHemos tomado como una decisi\u00f3n un\u00e1nime respaldar a la presidenta Claudia Sheinbaum en este proceso que est\u00e1 viviendo M\u00e9xico, y fortalecerla para que, de haber \u00f3rdenes ejecutivas que nos afecten, reaccionemos en defensa de los migrantes y de nuestra soberan\u00eda e independencia\u201d, expres\u00f3 Monreal en declaraciones a medios de comunicaci\u00f3n.<\/p>\n<p>El pronunciamiento se dio en el marco de la reuni\u00f3n de diputadas y diputados de Morena en Toluca, Estado de M\u00e9xico, durante las Jornadas de Di\u00e1logo Legislativo, en la que tambi\u00e9n se discuti\u00f3 la agenda legislativa y diversas inquietudes de los legisladores sobre temas clave como vivienda, salud, seguridad y bienestar animal.<\/p>\n<p>Monreal se\u00f1al\u00f3 que la bancada de Morena se est\u00e1 preparando para enfrentar el arribo del presidente Donald Trump y las posibles decisiones ejecutivas que puedan surgir. \u201cNos estamos preparando para cualquier cosa\u201d, agreg\u00f3.<\/p>\n<p>El encuentro cont\u00f3 con la participaci\u00f3n de diputados de diversas entidades, como el Estado de M\u00e9xico, Michoac\u00e1n, Puebla, Tlaxcala y la Ciudad de M\u00e9xico, y marc\u00f3 el inicio de una serie de reuniones para ampliar la agenda legislativa. \u201cFue una discusi\u00f3n amplia. Hay una agenda que estamos ampliando; ma\u00f1ana estaremos en Puebla\u201d, concluy\u00f3 Monreal.<\/p>\n","protected":false},"excerpt":{"rendered":"<p>\ud83d\udd38 El coordinador del Grupo Parlamentario de Morena afirma que su bancada apoyar\u00e1 a la&#8230;<\/p>\n","protected":false},"author":1,"featured_media":27601,"comment_status":"open","ping_status":"closed","sticky":false,"template":"","format":"standard","meta":{"footnotes":""},"categories":[17],"tags":[],"class_list":["post-27599","post","type-post","status-publish","format-standard","has-post-thumbnail","hentry","category-cdmx"],"_links":{"self":[{"href":"https:\/\/sacramentoqr.com\/index.php?rest_route=\/wp\/v2\/posts\/27599","targetHints":{"allow":["GET"]}}],"collection":[{"href":"https:\/\/sacramentoqr.com\/index.php?rest_route=\/wp\/v2\/posts"}],"about":[{"href":"https:\/\/sacramentoqr.com\/index.php?rest_route=\/wp\/v2\/types\/post"}],"author":[{"embeddable":true,"href":"https:\/\/sacramentoqr.com\/index.php?rest_route=\/wp\/v2\/users\/1"}],"replies":[{"embeddable":true,"href":"https:\/\/sacramentoqr.com\/index.php?rest_route=%2Fwp%2Fv2%2Fcomments&post=27599"}],"version-history":[{"count":1,"href":"https:\/\/sacramentoqr.com\/index.php?rest_route=\/wp\/v2\/posts\/27599\/revisions"}],"predecessor-version":[{"id":27600,"href":"https:\/\/sacramentoqr.com\/index.php?rest_route=\/wp\/v2\/posts\/27599\/revisions\/27600"}],"wp:featuredmedia":[{"embeddable":true,"href":"https:\/\/sacramentoqr.com\/index.php?rest_route=\/wp\/v2\/media\/27601"}],"wp:attachment":[{"href":"https:\/\/sacramentoqr.com\/index.php?rest_route=%2Fwp%2Fv2%2Fmedia&parent=27599"}],"wp:term":[{"taxonomy":"category","embeddable":true,"href":"https:\/\/sacramentoqr.com\/index.php?rest_route=%2Fwp%2Fv2%2Fcategories&post=27599"},{"taxonomy":"post_tag","embeddable":true,"href":"https:\/\/sacramentoqr.com\/index.php?rest_route=%2Fwp%2Fv2%2Ftags&post=27599"}],"curies":[{"name":"wp","href":"https:\/\/api.w.org\/{rel}","templated":true}]}}