{"id":27626,"date":"2025-01-04T13:13:46","date_gmt":"2025-01-04T18:13:46","guid":{"rendered":"https:\/\/sacramentoqr.com\/?p=27626"},"modified":"2025-01-21T18:18:36","modified_gmt":"2025-01-21T18:18:36","slug":"cumple-ana-paty-peralta-con-llevar-bienestar-a-cancunenses","status":"publish","type":"post","link":"https:\/\/sacramentoqr.com\/?p=27626","title":{"rendered":"Cumple Ana Paty Peralta con llevar bienestar a cancunenses"},"content":{"rendered":"<p>\u2022 Crean instancia para dar certeza jur\u00eddica a las familias<\/p>\n<p>Canc\u00fan, Q. R., a 04 de enero de 2025.- Para erradicar la pobreza y elevar el nivel de vida de las familias cancunenses, la Presidenta Municipal, Ana Paty Peralta, durante el 2024 trabaj\u00f3 firmemente en atender a la ciudadan\u00eda que por d\u00e9cadas estuvo olvidada, dotando a todas y todos de certeza jur\u00eddica de sus hogares y con servicios p\u00fablicos de calidad.<\/p>\n<p>Destac\u00f3 que esta tarea se contin\u00faa llevando a cabo con un mejor orden y control, pues en la Quinta Sesi\u00f3n Ordinaria de Cabildo, realizada el 24 de noviembre del a\u00f1o pasado, se aprob\u00f3 la creaci\u00f3n del organismo p\u00fablico descentralizado denominado Instituto de Regularizaci\u00f3n Patrimonial.<\/p>\n<p>\u201cNuestra administraci\u00f3n prioriza a los ciudadanos, trabaja por la justicia social y el bienestar compartido, anteponiendo siempre a la familia y a los grupos vulnerables\u201d, enfatiz\u00f3.<\/p>\n<p>Adem\u00e1s, durante el 2024, la colonia Sacb\u00e9, Tierra y Libertad 2 y 3, y Las Norias, por mencionar algunas, han sido dotadas de pozos de absorci\u00f3n, red de alumbrado p\u00fablico, drenaje sanitario, se\u00f1al\u00e9tica, red de agua potable, calles, guarniciones, banquetas y t\u00edtulos de propiedad; mientras Estrella de Mar, Riviera 1 y 2, Real del Bosque, Tierra y Libertad 1 y San Alfredo, se encuentran en proceso de dotaci\u00f3n de nueva infraestructura p\u00fablica.<\/p>\n<p>Adem\u00e1s, expres\u00f3 que este 2025 continuar\u00e1 trabajando de la mano del gobierno Estatal y Federal, para seguir transformando la ciudad. \u201cHoy el dinero del pueblo se invierte en el pueblo\u201d, finaliz\u00f3.<\/p>\n","protected":false},"excerpt":{"rendered":"<p>\u2022 Crean instancia para dar certeza jur\u00eddica a las familias Canc\u00fan, Q. R., a 04&#8230;<\/p>\n","protected":false},"author":1,"featured_media":27628,"comment_status":"open","ping_status":"closed","sticky":false,"template":"","format":"standard","meta":{"footnotes":""},"categories":[10],"tags":[],"class_list":["post-27626","post","type-post","status-publish","format-standard","has-post-thumbnail","hentry","category-quintana-roo"],"_links":{"self":[{"href":"https:\/\/sacramentoqr.com\/index.php?rest_route=\/wp\/v2\/posts\/27626","targetHints":{"allow":["GET"]}}],"collection":[{"href":"https:\/\/sacramentoqr.com\/index.php?rest_route=\/wp\/v2\/posts"}],"about":[{"href":"https:\/\/sacramentoqr.com\/index.php?rest_route=\/wp\/v2\/types\/post"}],"author":[{"embeddable":true,"href":"https:\/\/sacramentoqr.com\/index.php?rest_route=\/wp\/v2\/users\/1"}],"replies":[{"embeddable":true,"href":"https:\/\/sacramentoqr.com\/index.php?rest_route=%2Fwp%2Fv2%2Fcomments&post=27626"}],"version-history":[{"count":1,"href":"https:\/\/sacramentoqr.com\/index.php?rest_route=\/wp\/v2\/posts\/27626\/revisions"}],"predecessor-version":[{"id":27627,"href":"https:\/\/sacramentoqr.com\/index.php?rest_route=\/wp\/v2\/posts\/27626\/revisions\/27627"}],"wp:featuredmedia":[{"embeddable":true,"href":"https:\/\/sacramentoqr.com\/index.php?rest_route=\/wp\/v2\/media\/27628"}],"wp:attachment":[{"href":"https:\/\/sacramentoqr.com\/index.php?rest_route=%2Fwp%2Fv2%2Fmedia&parent=27626"}],"wp:term":[{"taxonomy":"category","embeddable":true,"href":"https:\/\/sacramentoqr.com\/index.php?rest_route=%2Fwp%2Fv2%2Fcategories&post=27626"},{"taxonomy":"post_tag","embeddable":true,"href":"https:\/\/sacramentoqr.com\/index.php?rest_route=%2Fwp%2Fv2%2Ftags&post=27626"}],"curies":[{"name":"wp","href":"https:\/\/api.w.org\/{rel}","templated":true}]}}