{"id":27637,"date":"2025-01-22T10:55:06","date_gmt":"2025-01-22T15:55:06","guid":{"rendered":"https:\/\/sacramentoqr.com\/?p=27637"},"modified":"2025-01-22T15:55:07","modified_gmt":"2025-01-22T15:55:07","slug":"sonora-modificara-horario-de-clases-en-41-municipios-por-bajas-temperaturas","status":"publish","type":"post","link":"https:\/\/sacramentoqr.com\/?p=27637","title":{"rendered":"Sonora modificar\u00e1 horario de clases en 41 municipios por bajas temperaturas"},"content":{"rendered":"<p>\ud83d\udd38 Autoridades detallaron que este cambio tiene el objetivo de proteger la salud de la comunidad<\/p>\n<p>#SONORA | Se modific\u00f3 el horario de clases en 41 municipios de Sonora del 22 al 24 de enero, con el objetivo de proteger a la poblaci\u00f3n estudiantil de las bajas temperaturas que se registrar\u00e1n.<\/p>\n<p>Froyl\u00e1n G\u00e1mez Gamboa, titular de la Secretar\u00eda de Educaci\u00f3n y Cultura (SEC), detall\u00f3 a medios locales que la entrada a clases ser\u00e1 una hora despu\u00e9s en el turno matutino.<\/p>\n<p>Adem\u00e1s, se adelantar\u00e1 una hora la salida en lo correspondiente al turno vespertino.<\/p>\n<p>Dichas modificaciones en los horarios en las escuelas de educaci\u00f3n b\u00e1sica son a recomendaci\u00f3n de Protecci\u00f3n Civil estatal.<\/p>\n<p>Los municipios de Sonora en los que se har\u00e1 v\u00e1lida esta medida son Hu\u00e1sabas, Bacerac, Fronteras, Agua Prieta, Nacozari de Garc\u00eda, Huachinera, Bavispe, Villa Hidalgo, Cumpas, San Pedro de la Cueva, Soyopa, Divisaderos, Moctezuma y Granados.<\/p>\n<p>Tambi\u00e9n en Bacanora, Sahuaripa, Bacad\u00e9huachi, Tepache, N\u00e1cori Chico, Arivechi, \u00d3navas, Y\u00e9cora, \u00cdmuris, Cucurpe, Nogales, Arizpe, Naco, Cananea, Bacoachi, Santa Cruz, San Javier, Ban\u00e1michi, Hu\u00e9pac, San Felipe de Jes\u00fas, Aconchi, Bavi\u00e1cora, Magdalena, Tubutama, S\u00e1ric, Quiriego y Rosario.<\/p>\n<p>La autoridad estatal explic\u00f3 que el frente fr\u00edo 24 generar\u00e1 un descenso marcado de temperaturas, que en combinaci\u00f3n con rachas de vientos afectar\u00e1n la sensaci\u00f3n t\u00e9rmica que variar\u00e1 de -6 a -12 grados cent\u00edgrados en los citados municipios.<\/p>\n<p>Se exhort\u00f3 a la sociedad en general a permanecer atenta a cualquier aviso que emitan las autoridades correspondientes a trav\u00e9s de los medios oficiales de informaci\u00f3n.<\/p>\n","protected":false},"excerpt":{"rendered":"<p>\ud83d\udd38 Autoridades detallaron que este cambio tiene el objetivo de proteger la salud de la&#8230;<\/p>\n","protected":false},"author":1,"featured_media":27639,"comment_status":"open","ping_status":"closed","sticky":false,"template":"","format":"standard","meta":{"footnotes":""},"categories":[39],"tags":[],"class_list":["post-27637","post","type-post","status-publish","format-standard","has-post-thumbnail","hentry","category-sonora"],"_links":{"self":[{"href":"https:\/\/sacramentoqr.com\/index.php?rest_route=\/wp\/v2\/posts\/27637","targetHints":{"allow":["GET"]}}],"collection":[{"href":"https:\/\/sacramentoqr.com\/index.php?rest_route=\/wp\/v2\/posts"}],"about":[{"href":"https:\/\/sacramentoqr.com\/index.php?rest_route=\/wp\/v2\/types\/post"}],"author":[{"embeddable":true,"href":"https:\/\/sacramentoqr.com\/index.php?rest_route=\/wp\/v2\/users\/1"}],"replies":[{"embeddable":true,"href":"https:\/\/sacramentoqr.com\/index.php?rest_route=%2Fwp%2Fv2%2Fcomments&post=27637"}],"version-history":[{"count":1,"href":"https:\/\/sacramentoqr.com\/index.php?rest_route=\/wp\/v2\/posts\/27637\/revisions"}],"predecessor-version":[{"id":27638,"href":"https:\/\/sacramentoqr.com\/index.php?rest_route=\/wp\/v2\/posts\/27637\/revisions\/27638"}],"wp:featuredmedia":[{"embeddable":true,"href":"https:\/\/sacramentoqr.com\/index.php?rest_route=\/wp\/v2\/media\/27639"}],"wp:attachment":[{"href":"https:\/\/sacramentoqr.com\/index.php?rest_route=%2Fwp%2Fv2%2Fmedia&parent=27637"}],"wp:term":[{"taxonomy":"category","embeddable":true,"href":"https:\/\/sacramentoqr.com\/index.php?rest_route=%2Fwp%2Fv2%2Fcategories&post=27637"},{"taxonomy":"post_tag","embeddable":true,"href":"https:\/\/sacramentoqr.com\/index.php?rest_route=%2Fwp%2Fv2%2Ftags&post=27637"}],"curies":[{"name":"wp","href":"https:\/\/api.w.org\/{rel}","templated":true}]}}