{"id":27643,"date":"2025-01-22T11:04:12","date_gmt":"2025-01-22T16:04:12","guid":{"rendered":"https:\/\/sacramentoqr.com\/?p=27643"},"modified":"2025-01-22T16:04:14","modified_gmt":"2025-01-22T16:04:14","slug":"promociona-ana-paty-peralta-a-cancun-como-multidestino-de-excelencia-en-el-arranque-de-fitur","status":"publish","type":"post","link":"https:\/\/sacramentoqr.com\/?p=27643","title":{"rendered":"Promociona Ana Paty Peralta a Canc\u00fan como multidestino de excelencia en el arranque de Fitur"},"content":{"rendered":"<p>\ud83d\udd38Impulsan la diversificaci\u00f3n tur\u00edstica y eventos de talla internacional para este a\u00f1o<\/p>\n<p>#ESPA\u00d1A | En el arranque de la Feria Internacional de Turismo (FITUR) 2025, la Presidenta Municipal de Benito Ju\u00e1rez, Ana Paty Peralta, afirm\u00f3 que se busca impulsar la diversificaci\u00f3n tur\u00edstica y eventos de talla internacional para atraer a miles de turistas en este a\u00f1o, contando con un stand de Canc\u00fan dentro del pabell\u00f3n del Caribe Mexicano.<\/p>\n<p>Junto a la Gobernadora Mara Lezama; la secretaria federal de Turismo, Josefina Rodr\u00edguez Zamora y dem\u00e1s autoridades municipales, estatales y federales, la Alcaldesa particip\u00f3 en los cortes de list\u00f3n del pabell\u00f3n M\u00e9xico y del Caribe Mexicano, as\u00ed como del stand de Canc\u00fan, que cuenta con una exhibici\u00f3n de realidad virtual para que los miles de expertos en la industria tur\u00edstica que se dan cita en el evento puedan vivir la experiencia de estar en destino mexicano desde Madrid.<\/p>\n<p>\u201cVenimos a promocionar nuestro destino, a dar a conocer todo lo maravilloso que tiene que ofrecer Canc\u00fan a todo el mundo. Tenemos un stand exclusivo de Canc\u00fan dentro del Caribe Mexicano, en el pabell\u00f3n de M\u00e9xico. A todos les decimos: ven y enam\u00f3rate m\u00e1s de Canc\u00fan\u201d, expres\u00f3.<\/p>\n<p>Adem\u00e1s, como parte de la Agenda Tur\u00edstica 2025 gastron\u00f3mica, deportiva y cultural, la Alcaldesa detall\u00f3 los 22 eventos que se har\u00e1n para captar m\u00e1s visitantes nacionales e internacionales, siendo el primero de ellos, el Carnaval de Canc\u00fan programado para febrero pr\u00f3ximo; mientras que en marzo se contempla llevar a cabo la muestra Canc\u00fan World Fest-Nuuch, Medio Marat\u00f3n de la Mujer y el Triatl\u00f3n Astri Canc\u00fan.<\/p>\n<p>En abril, agreg\u00f3 que, Canc\u00fan celebrar\u00e1 su 55 aniversario con un amplio programa de actividades, a las que se suman el Medio Marat\u00f3n Canc\u00fan y el Festival Internacional de Ballet; mientras tanto, en mayo, se programaron dos importantes competencias deportivas que son: el Cruce Canc\u00fan-Isla Mujeres, y L\u00b4e tape by Tour de Francia, m\u00e1s el Torneo de Pesca \u201cCopa Capit\u00e1n Ferrat\u201d en junio.<\/p>\n<p>Ana Paty Peralta indic\u00f3 que para la segunda mitad del a\u00f1o, Canc\u00fan ser\u00e1 sede del Festival Internacional de Basquetbol \u201cXI Copa Canc\u00fan 2025\u201d, en julio; el festival Guelaguetza, en agosto; la cena de Gala de los World Travel Awards; el XII Festival Internacional de M\u00fasica y la Feria del Queso de Bola, en octubre; el \u201cJanal Pixan\u201d y la 45 Muestra Nacional de Teatro 2025, en noviembre; y para cerrar el a\u00f1o, en diciembre se har\u00e1n la Copa Mundial de Futbol Socca 2025, el Marat\u00f3n Internacional \u201cCanc\u00fan nos une\u201d, la Villa Navide\u00f1a de Canc\u00fan en Tajamar y el Gran Evento de Fin de A\u00f1o en Tajamar.<\/p>\n<p>Asimismo, para consolidar al destino como un espacio que ofrece distintas experiencias comparti\u00f3 la revista de la ciudad, la cual muestra las seis rutas para conocer Canc\u00fan a fondo, empezando por la \u201cRuta del Sabor\u201d que contempla los mejores lugares para comer, seguido de la \u201cRuta Zofu\u201d y \u201cRuta Cultura Maya\u201d, donde podr\u00e1n aprender sobre la historia de la fundaci\u00f3n de la ciudad.<\/p>\n<p>De igual manera, se encuentra la \u201cRuta Caribe\u201d y \u201cRuta Parques\u201d, en las que se observan las playas y espacios con biodiversidad de acuerdo a las preferencias de cada visitante; as\u00ed como la \u201cRuta Luxury\u201d, donde encontrar\u00e1n experiencias exclusivas y \u00e1reas de sofisticaci\u00f3n, con marcas de renombre.<\/p>\n<p>Con estos hechos, Ana Paty Peralta en el primer d\u00eda de actividades de la FITUR, emprendi\u00f3 esfuerzos para reforzar la promoci\u00f3n del polo tur\u00edstico m\u00e1s importante de Latinoam\u00e9rica.<\/p>\n","protected":false},"excerpt":{"rendered":"<p>\ud83d\udd38Impulsan la diversificaci\u00f3n tur\u00edstica y eventos de talla internacional para este a\u00f1o #ESPA\u00d1A | En&#8230;<\/p>\n","protected":false},"author":1,"featured_media":27645,"comment_status":"open","ping_status":"closed","sticky":false,"template":"","format":"standard","meta":{"footnotes":""},"categories":[5,10],"tags":[],"class_list":["post-27643","post","type-post","status-publish","format-standard","has-post-thumbnail","hentry","category-internacional","category-quintana-roo"],"_links":{"self":[{"href":"https:\/\/sacramentoqr.com\/index.php?rest_route=\/wp\/v2\/posts\/27643","targetHints":{"allow":["GET"]}}],"collection":[{"href":"https:\/\/sacramentoqr.com\/index.php?rest_route=\/wp\/v2\/posts"}],"about":[{"href":"https:\/\/sacramentoqr.com\/index.php?rest_route=\/wp\/v2\/types\/post"}],"author":[{"embeddable":true,"href":"https:\/\/sacramentoqr.com\/index.php?rest_route=\/wp\/v2\/users\/1"}],"replies":[{"embeddable":true,"href":"https:\/\/sacramentoqr.com\/index.php?rest_route=%2Fwp%2Fv2%2Fcomments&post=27643"}],"version-history":[{"count":1,"href":"https:\/\/sacramentoqr.com\/index.php?rest_route=\/wp\/v2\/posts\/27643\/revisions"}],"predecessor-version":[{"id":27644,"href":"https:\/\/sacramentoqr.com\/index.php?rest_route=\/wp\/v2\/posts\/27643\/revisions\/27644"}],"wp:featuredmedia":[{"embeddable":true,"href":"https:\/\/sacramentoqr.com\/index.php?rest_route=\/wp\/v2\/media\/27645"}],"wp:attachment":[{"href":"https:\/\/sacramentoqr.com\/index.php?rest_route=%2Fwp%2Fv2%2Fmedia&parent=27643"}],"wp:term":[{"taxonomy":"category","embeddable":true,"href":"https:\/\/sacramentoqr.com\/index.php?rest_route=%2Fwp%2Fv2%2Fcategories&post=27643"},{"taxonomy":"post_tag","embeddable":true,"href":"https:\/\/sacramentoqr.com\/index.php?rest_route=%2Fwp%2Fv2%2Ftags&post=27643"}],"curies":[{"name":"wp","href":"https:\/\/api.w.org\/{rel}","templated":true}]}}