{"id":27771,"date":"2025-01-27T10:36:48","date_gmt":"2025-01-27T15:36:48","guid":{"rendered":"https:\/\/sacramentoqr.com\/?p=27771"},"modified":"2025-01-27T15:36:50","modified_gmt":"2025-01-27T15:36:50","slug":"supervivientes-conmemoran-con-velas-y-flores-la-80a-liberacion-de-auschwitz","status":"publish","type":"post","link":"https:\/\/sacramentoqr.com\/?p=27771","title":{"rendered":"Supervivientes conmemoran con velas y flores la 80\u00aa Liberaci\u00f3n de Auschwitz"},"content":{"rendered":"<p>\ud83d\udd38 En este 80 aniversario se prohibieron las declaraciones de pol\u00edticos para que sean los supervivientes los protagonistas<\/p>\n<p>#INTERNACIONAL | Un grupo de supervivientes del campo de concentraci\u00f3n y de exterminio nazi de Auschwitz deposit\u00f3 coronas de flores y encendi\u00f3 velas frente al emblem\u00e1tico \u201cmuro de la muerte\u201d, en memoria de las v\u00edctimas, en el primero de los actos de conmemoraci\u00f3n del 80 aniversario de la liberaci\u00f3n de dicha infraestructura criminal nazi.<\/p>\n<p>Este emotivo acto se llev\u00f3 a cabo junto al infame \u201cbloque 11\u201c, que alberg\u00f3 celdas de castigo, y a solo unos pasos de donde se encontraba el muro que sirvi\u00f3 como pared\u00f3n para miles de fusilamientos y que fue reconstruido tras ser demolido en 1944.<\/p>\n<p>Algunos de los aproximadamente 50 supervivientes, visiblemente emocionados y en algunos casos acompa\u00f1ados por sus familiares, portaban los brazaletes con la estrella de David y pa\u00f1uelos con las caracter\u00edsticas rayas blancas y azules que distingu\u00edan a los uniformes de los prisioneros, y no pudieron contener su emoci\u00f3n al apoyar sus manos en las piedras del muro.<\/p>\n<p>Tras los supervivientes, el presidente polaco, Andrzej Duda, deposit\u00f3 una ofrenda y rindieron un solemne homenaje a las v\u00edctimas y supervivientes.<\/p>\n<p>Cada 27 de enero se conmemora la liberaci\u00f3n de este campo de concentraci\u00f3n y de exterminio, que tuvo lugar en 1945 por parte del Ej\u00e9rcito sovi\u00e9tico.<\/p>\n<p>La Organizaci\u00f3n de Naciones Unidas design\u00f3 en 2005 esta fecha como el D\u00eda Internacional en Memoria del Holocausto.<\/p>\n<p>En este 80 aniversario de la liberaci\u00f3n de Auschwitz, los organizadores de los actos conmemorativos han prohibido declaraciones de pol\u00edticos, para que sean los supervivientes los principales protagonistas, y tan solo el presidente polaco pronunciar\u00e1 un discurso en esta ocasi\u00f3n hist\u00f3rica.<\/p>\n","protected":false},"excerpt":{"rendered":"<p>\ud83d\udd38 En este 80 aniversario se prohibieron las declaraciones de pol\u00edticos para que sean los&#8230;<\/p>\n","protected":false},"author":1,"featured_media":27773,"comment_status":"open","ping_status":"closed","sticky":false,"template":"","format":"standard","meta":{"footnotes":""},"categories":[5],"tags":[],"class_list":["post-27771","post","type-post","status-publish","format-standard","has-post-thumbnail","hentry","category-internacional"],"_links":{"self":[{"href":"https:\/\/sacramentoqr.com\/index.php?rest_route=\/wp\/v2\/posts\/27771","targetHints":{"allow":["GET"]}}],"collection":[{"href":"https:\/\/sacramentoqr.com\/index.php?rest_route=\/wp\/v2\/posts"}],"about":[{"href":"https:\/\/sacramentoqr.com\/index.php?rest_route=\/wp\/v2\/types\/post"}],"author":[{"embeddable":true,"href":"https:\/\/sacramentoqr.com\/index.php?rest_route=\/wp\/v2\/users\/1"}],"replies":[{"embeddable":true,"href":"https:\/\/sacramentoqr.com\/index.php?rest_route=%2Fwp%2Fv2%2Fcomments&post=27771"}],"version-history":[{"count":1,"href":"https:\/\/sacramentoqr.com\/index.php?rest_route=\/wp\/v2\/posts\/27771\/revisions"}],"predecessor-version":[{"id":27772,"href":"https:\/\/sacramentoqr.com\/index.php?rest_route=\/wp\/v2\/posts\/27771\/revisions\/27772"}],"wp:featuredmedia":[{"embeddable":true,"href":"https:\/\/sacramentoqr.com\/index.php?rest_route=\/wp\/v2\/media\/27773"}],"wp:attachment":[{"href":"https:\/\/sacramentoqr.com\/index.php?rest_route=%2Fwp%2Fv2%2Fmedia&parent=27771"}],"wp:term":[{"taxonomy":"category","embeddable":true,"href":"https:\/\/sacramentoqr.com\/index.php?rest_route=%2Fwp%2Fv2%2Fcategories&post=27771"},{"taxonomy":"post_tag","embeddable":true,"href":"https:\/\/sacramentoqr.com\/index.php?rest_route=%2Fwp%2Fv2%2Ftags&post=27771"}],"curies":[{"name":"wp","href":"https:\/\/api.w.org\/{rel}","templated":true}]}}