{"id":27785,"date":"2025-01-28T11:01:08","date_gmt":"2025-01-28T16:01:08","guid":{"rendered":"https:\/\/sacramentoqr.com\/?p=27785"},"modified":"2025-01-28T16:01:09","modified_gmt":"2025-01-28T16:01:09","slug":"alicia-machado-critica-a-selena-gomez-por-video-en-el-que-llora-por-las-deportaciones-de-mexicanos","status":"publish","type":"post","link":"https:\/\/sacramentoqr.com\/?p=27785","title":{"rendered":"Alicia Machado critica a Selena Gomez por video en el que llora por las deportaciones de mexicanos"},"content":{"rendered":"<p>\ud83d\udd38 La actriz public\u00f3 un video hablando sobre la expulsi\u00f3n de mexicanos, pero su mensaje gener\u00f3 cr\u00edticas y controversias en redes sociales. La venezolana tambi\u00e9n se sum\u00f3 al debate<\/p>\n<p>#ESPECT\u00c1CULOS | La cantante y actriz Selena G\u00f3mez se volvi\u00f3 tendencia en redes sociales luego de publicar un video en el que expres\u00f3, entre l\u00e1grimas, su profunda tristeza por la situaci\u00f3n que enfrentan los mexicanos deportados de los Estados Unidos.<\/p>\n<p>Este mensaje, que surgi\u00f3 tras las deportaciones ordenadas durante la administraci\u00f3n del presidente Donald Trump, gener\u00f3 una oleada de reacciones tanto a favor como en contra.<\/p>\n<p>En el video, G\u00f3mez calific\u00f3 de \u00abinaceptable\u00bb el trato que reciben los menores afectados, destacando que muchos de ellos buscan un mejor futuro para sus familias.<\/p>\n<p>\u201cSolo quiero decir que lo siento mucho. Est\u00e1n atacando a toda mi gente, y principalmente a los ni\u00f1os. La forma en que lo est\u00e1n haciendo no es la correcta, los est\u00e1n tratando como delincuentes cuando ellos realmente est\u00e1n aqu\u00ed luchando por tener una vida mejor y por intentar sacar a sus familiares adelante\u201d, expres\u00f3 la cantante, visiblemente afectada.<\/p>\n<p>Sin embargo, su mensaje tambi\u00e9n provoc\u00f3 cr\u00edticas por parte de algunos usuarios y figuras p\u00fablicas.<\/p>\n<p>Alicia Machado critica a Selena G\u00f3mez<br \/>\nAunque el mensaje de Selena G\u00f3mez buscaba solidarizarse con las familias migrantes, muchas personas cuestionaron su sinceridad, se\u00f1alando su participaci\u00f3n en la pel\u00edcula , un proyecto que, seg\u00fan algunos, perpet\u00faa estereotipos mexicanos.<\/p>\n<p>Una de las cr\u00edticas m\u00e1s controversiales fue la de Alicia Machado, quien recurri\u00f3 a Instagram para lanzar un comentario en una de las publicaciones de Enowlatino.<\/p>\n<p>\u201cMuchacha pende.. Ya p\u00f3ngase a estudiar espa\u00f1ol y al gym, mija, al gym. Te mando mis prote\u00ednas. Aburre Jessy\u201d, escribi\u00f3 Machado, desatando una ola de reacciones tanto de apoyo como de rechazo hacia sus palabras.<\/p>\n<p>Sin embargo, la publicaci\u00f3n de Machado fue m\u00e1s all\u00e1 de un simple comentario. Adem\u00e1s de criticar el espa\u00f1ol de G\u00f3mez y su participaci\u00f3n en la pel\u00edcula, la exreina de belleza tambi\u00e9n hizo alusiones al f\u00edsico de la cantante, algo que encendi\u00f3 a\u00fan m\u00e1s las redes.<\/p>\n<p>Cabe recordar que Selena G\u00f3mez padece lupus, una enfermedad autoinmune que le ha ocasionado complicaciones de salud, como la necesidad de un trasplante de ri\u00f1\u00f3n, y subir de peso debido a los tratamientos m\u00e9dicos.<\/p>\n<p>Las reacciones hacia Alicia Machado no se hicieron esperar. Aunque algunas personas estuvieron de acuerdo con sus cuestionamientos sobre la participaci\u00f3n de G\u00f3mez en , la mayor\u00eda consider\u00f3 que atacar el aspecto f\u00edsico de la cantante fue un paso innecesario y cruel.<\/p>\n<p>\u201cNo ten\u00eda que hablar de su peso, pero igual le doy la raz\u00f3n\u201d, \u201cAlicia Machado nunca te vamos a tomar en serio\u201d inundaron las redes.<\/p>\n<p>Alicia Machado<br \/>\nAdem\u00e1s, surgieron especulaciones sobre la veracidad de algunos mensajes atribuidos a Machado, como una captura de pantalla en la que se observaba un video promocionando sus productos de prote\u00ednas con la canci\u00f3n de Selena G\u00f3mez como fondo.<\/p>\n<p>Aunque algunos afirmaron que esta imagen hab\u00eda sido editada, Machado no desminti\u00f3 directamente las acusaciones.<\/p>\n<p>Por su parte, Selena G\u00f3mez decidi\u00f3 borrar su video tras recibir cr\u00edticas y burlas, publicando posteriormente un breve mensaje.<\/p>\n<p>\u201cAparentemente no est\u00e1 bien mostrar empat\u00eda por las personas\u201d.<\/p>\n","protected":false},"excerpt":{"rendered":"<p>\ud83d\udd38 La actriz public\u00f3 un video hablando sobre la expulsi\u00f3n de mexicanos, pero su mensaje&#8230;<\/p>\n","protected":false},"author":1,"featured_media":27787,"comment_status":"open","ping_status":"closed","sticky":false,"template":"","format":"standard","meta":{"footnotes":""},"categories":[4],"tags":[],"class_list":["post-27785","post","type-post","status-publish","format-standard","has-post-thumbnail","hentry","category-espectaculos"],"_links":{"self":[{"href":"https:\/\/sacramentoqr.com\/index.php?rest_route=\/wp\/v2\/posts\/27785","targetHints":{"allow":["GET"]}}],"collection":[{"href":"https:\/\/sacramentoqr.com\/index.php?rest_route=\/wp\/v2\/posts"}],"about":[{"href":"https:\/\/sacramentoqr.com\/index.php?rest_route=\/wp\/v2\/types\/post"}],"author":[{"embeddable":true,"href":"https:\/\/sacramentoqr.com\/index.php?rest_route=\/wp\/v2\/users\/1"}],"replies":[{"embeddable":true,"href":"https:\/\/sacramentoqr.com\/index.php?rest_route=%2Fwp%2Fv2%2Fcomments&post=27785"}],"version-history":[{"count":1,"href":"https:\/\/sacramentoqr.com\/index.php?rest_route=\/wp\/v2\/posts\/27785\/revisions"}],"predecessor-version":[{"id":27786,"href":"https:\/\/sacramentoqr.com\/index.php?rest_route=\/wp\/v2\/posts\/27785\/revisions\/27786"}],"wp:featuredmedia":[{"embeddable":true,"href":"https:\/\/sacramentoqr.com\/index.php?rest_route=\/wp\/v2\/media\/27787"}],"wp:attachment":[{"href":"https:\/\/sacramentoqr.com\/index.php?rest_route=%2Fwp%2Fv2%2Fmedia&parent=27785"}],"wp:term":[{"taxonomy":"category","embeddable":true,"href":"https:\/\/sacramentoqr.com\/index.php?rest_route=%2Fwp%2Fv2%2Fcategories&post=27785"},{"taxonomy":"post_tag","embeddable":true,"href":"https:\/\/sacramentoqr.com\/index.php?rest_route=%2Fwp%2Fv2%2Ftags&post=27785"}],"curies":[{"name":"wp","href":"https:\/\/api.w.org\/{rel}","templated":true}]}}