{"id":27808,"date":"2025-01-29T10:34:05","date_gmt":"2025-01-29T15:34:05","guid":{"rendered":"https:\/\/sacramentoqr.com\/?p=27808"},"modified":"2025-01-29T15:34:06","modified_gmt":"2025-01-29T15:34:06","slug":"alejandro-armenta-cierra-foros-de-consulta-ciudadana-para-el-plan-estatal-de-desarrollo-2024-2030","status":"publish","type":"post","link":"https:\/\/sacramentoqr.com\/?p=27808","title":{"rendered":"Alejandro Armenta cierra Foros de Consulta Ciudadana para el Plan Estatal de Desarrollo 2024-2030"},"content":{"rendered":"<p>\ud83d\udd38 El gobernador de Puebla resalta la colaboraci\u00f3n con la BUAP y la importancia de la educaci\u00f3n superior en la construcci\u00f3n de un futuro pr\u00f3spero para el estado.<\/p>\n<p>#PUEBLA | El gobernador de Puebla, Alejandro Armenta, concluy\u00f3 con \u00e9xito los Foros Especializados de Consulta Ciudadana, los cuales han sido esenciales para la creaci\u00f3n del Plan Estatal de Desarrollo 2024-2030. Estos foros, en los que participaron ciudadanos de distintas regiones del estado, han permitido recoger las opiniones y propuestas de los poblanos para elaborar un plan que responda de manera efectiva a sus necesidades y expectativas.<\/p>\n<p>\u00abEstos espacios de consulta son fundamentales para construir un proyecto de desarrollo que sea realmente inclusivo y participativo\u00bb, destac\u00f3 Armenta. La consulta ciudadana ha sido un componente clave en la elaboraci\u00f3n del plan, con temas como infraestructura, salud, educaci\u00f3n y desarrollo econ\u00f3mico como ejes principales de discusi\u00f3n.<\/p>\n<p>El gobernador tambi\u00e9n expres\u00f3 su agradecimiento a la Benem\u00e9rita Universidad Aut\u00f3noma de Puebla (BUAP) y su rectora, Dra. Lilia Cedillo Ram\u00edrez, por su colaboraci\u00f3n en la organizaci\u00f3n de los foros. \u00abGracias a su apoyo, hemos podido impulsar el di\u00e1logo con la sociedad y trabajar juntos en proyectos como el aumento de la matr\u00edcula escolar y el fortalecimiento de la educaci\u00f3n superior, en l\u00ednea con la visi\u00f3n de nuestra presidenta, Claudia Sheinbaum\u00bb, agreg\u00f3 Armenta.<\/p>\n<p>Este enfoque en la educaci\u00f3n superior resalta la importancia que tiene para la administraci\u00f3n estatal la preparaci\u00f3n de las nuevas generaciones, con la certeza de que una educaci\u00f3n de calidad ser\u00e1 clave para el desarrollo integral de Puebla en los pr\u00f3ximos a\u00f1os. La conclusi\u00f3n de los foros marca un paso importante hacia la creaci\u00f3n de un plan que impulse el crecimiento econ\u00f3mico, social y educativo del estado, siempre con el compromiso de mejorar la calidad de vida de todos los poblanos.<\/p>\n","protected":false},"excerpt":{"rendered":"<p>\ud83d\udd38 El gobernador de Puebla resalta la colaboraci\u00f3n con la BUAP y la importancia de&#8230;<\/p>\n","protected":false},"author":1,"featured_media":27810,"comment_status":"open","ping_status":"closed","sticky":false,"template":"","format":"standard","meta":{"footnotes":""},"categories":[20],"tags":[],"class_list":["post-27808","post","type-post","status-publish","format-standard","has-post-thumbnail","hentry","category-puebla"],"_links":{"self":[{"href":"https:\/\/sacramentoqr.com\/index.php?rest_route=\/wp\/v2\/posts\/27808","targetHints":{"allow":["GET"]}}],"collection":[{"href":"https:\/\/sacramentoqr.com\/index.php?rest_route=\/wp\/v2\/posts"}],"about":[{"href":"https:\/\/sacramentoqr.com\/index.php?rest_route=\/wp\/v2\/types\/post"}],"author":[{"embeddable":true,"href":"https:\/\/sacramentoqr.com\/index.php?rest_route=\/wp\/v2\/users\/1"}],"replies":[{"embeddable":true,"href":"https:\/\/sacramentoqr.com\/index.php?rest_route=%2Fwp%2Fv2%2Fcomments&post=27808"}],"version-history":[{"count":1,"href":"https:\/\/sacramentoqr.com\/index.php?rest_route=\/wp\/v2\/posts\/27808\/revisions"}],"predecessor-version":[{"id":27809,"href":"https:\/\/sacramentoqr.com\/index.php?rest_route=\/wp\/v2\/posts\/27808\/revisions\/27809"}],"wp:featuredmedia":[{"embeddable":true,"href":"https:\/\/sacramentoqr.com\/index.php?rest_route=\/wp\/v2\/media\/27810"}],"wp:attachment":[{"href":"https:\/\/sacramentoqr.com\/index.php?rest_route=%2Fwp%2Fv2%2Fmedia&parent=27808"}],"wp:term":[{"taxonomy":"category","embeddable":true,"href":"https:\/\/sacramentoqr.com\/index.php?rest_route=%2Fwp%2Fv2%2Fcategories&post=27808"},{"taxonomy":"post_tag","embeddable":true,"href":"https:\/\/sacramentoqr.com\/index.php?rest_route=%2Fwp%2Fv2%2Ftags&post=27808"}],"curies":[{"name":"wp","href":"https:\/\/api.w.org\/{rel}","templated":true}]}}