{"id":27825,"date":"2025-01-30T11:20:57","date_gmt":"2025-01-30T16:20:57","guid":{"rendered":"https:\/\/sacramentoqr.com\/?p=27825"},"modified":"2025-01-30T16:20:58","modified_gmt":"2025-01-30T16:20:58","slug":"en-quintana-roo-habra-cero-tolerancia-y-cero-impunidad-a-la-violencia-en-el-transporte-publico-mara-lezama","status":"publish","type":"post","link":"https:\/\/sacramentoqr.com\/?p=27825","title":{"rendered":"En Quintana Roo habr\u00e1 cero tolerancia y cero impunidad a la violencia en el transporte p\u00fablico: Mara Lezama"},"content":{"rendered":"<p>Totalmente falso que reformas a Ley de Movilidad y C\u00f3digo Penal atenten contra la libre manifestaci\u00f3n de ideas, deja en claro Mara Lezama<\/p>\n<p>\ud83d\udd38Expresa la titular del Ejecutivo que transportista que agreda, lesione, atente en contra de la ciudadan\u00eda, visitantes y turistas, ser\u00e1 sancionado; sus acciones tendr\u00e1n consecuencias<\/p>\n<p>\ud83d\udd38Ten\u00edamos que poner orden, precisa<\/p>\n<p>#CANC\u00daN | La gobernadora Mara Lezama Espinosa dej\u00f3 en claro que habr\u00e1 cero tolerancia y cero impunidad a la violencia en el transporte p\u00fablico en Quintana Roo. O sea, transportista que agreda, lesione, atente en contra de la ciudadan\u00eda, visitantes y turistas, ser\u00e1 sancionado; sus acciones tendr\u00e1n consecuencias.<\/p>\n<p>Asimismo, puntualiz\u00f3 que es totalmente falso que las reformas a la Ley de Movilidad y al C\u00f3digo Penal atenten en contra de la libre manifestaci\u00f3n de las ideas de las personas.<\/p>\n<p>Tambi\u00e9n dej\u00f3 en claro que en Quintana Roo nadie puede impedir al usuario elegir el tipo de transporte que desee utilizar, mucho menos ser bajado de alg\u00fan veh\u00edculo. \u201cTen\u00edamos que poner orden\u201d a\u00f1adi\u00f3 Mara Lezama durante el programa \u201cLa Voz del Pueblo\u201d que transmiti\u00f3 por redes sociales.<\/p>\n<p>La gobernadora de Quintana Roo aclar\u00f3 que las reformas a la Ley de Movilidad y al C\u00f3digo Penal establecen que ser\u00e1n perseguidos de oficio toda agresi\u00f3n, violencia, en el transporte p\u00fablico, a\u00fan cuando no haya denuncia.<\/p>\n<p>Y entre las sanciones se encuentra el retiro de las concesiones y el incremento en las penas por da\u00f1os a las v\u00edas de comunicaci\u00f3n en casos de violencia en el transporte p\u00fablico, inform\u00f3 la Gobernadora.<\/p>\n<p>Por otra parte, Mara Lezama inform\u00f3 que se investiga el caso de violencia en un hotel de Canc\u00fan, para que la gente sepa con claridad qu\u00e9 fue lo que sucedi\u00f3. Destac\u00f3 que esto es importante porque hechos de este tipo afectan al destino y a las y los trabajadores que han dado su vida por el turismo.<\/p>\n<p>Durante el programa la gobernadora de Quintana Roo inform\u00f3 que se aplicar\u00e1 el programa \u201cM\u00e9xico te Abraza\u201d para atender a migrantes deportados de los Estados Unidos, as\u00ed como la campa\u00f1a por el uso de ma\u00edz transg\u00e9nico que impulsa la presidenta Claudia Sheinbaum.<\/p>\n<p>Exhort\u00f3 a las personas a cuidar su salud, acudir a las campa\u00f1as de vacunaci\u00f3n contra la influenza, a las caravanas de salud, porque en este gobierno diferente, humanista con coraz\u00f3n feminista, la salud de las personas s\u00ed importa.<\/p>\n<p>Tambi\u00e9n dio a conocer que la pr\u00f3xima audiencia p\u00fablica ser\u00e1 en Cob\u00e1, municipio de Tulum, el 21 de febrero en el domo sur del poblado. El preregistro se puede hacer en el local de la alcald\u00eda los d\u00edas 4, 5 y 6 de febrero, ah\u00ed, en su propia comunidad.<\/p>\n","protected":false},"excerpt":{"rendered":"<p>Totalmente falso que reformas a Ley de Movilidad y C\u00f3digo Penal atenten contra la libre&#8230;<\/p>\n","protected":false},"author":1,"featured_media":27827,"comment_status":"open","ping_status":"closed","sticky":false,"template":"","format":"standard","meta":{"footnotes":""},"categories":[10],"tags":[],"class_list":["post-27825","post","type-post","status-publish","format-standard","has-post-thumbnail","hentry","category-quintana-roo"],"_links":{"self":[{"href":"https:\/\/sacramentoqr.com\/index.php?rest_route=\/wp\/v2\/posts\/27825","targetHints":{"allow":["GET"]}}],"collection":[{"href":"https:\/\/sacramentoqr.com\/index.php?rest_route=\/wp\/v2\/posts"}],"about":[{"href":"https:\/\/sacramentoqr.com\/index.php?rest_route=\/wp\/v2\/types\/post"}],"author":[{"embeddable":true,"href":"https:\/\/sacramentoqr.com\/index.php?rest_route=\/wp\/v2\/users\/1"}],"replies":[{"embeddable":true,"href":"https:\/\/sacramentoqr.com\/index.php?rest_route=%2Fwp%2Fv2%2Fcomments&post=27825"}],"version-history":[{"count":1,"href":"https:\/\/sacramentoqr.com\/index.php?rest_route=\/wp\/v2\/posts\/27825\/revisions"}],"predecessor-version":[{"id":27826,"href":"https:\/\/sacramentoqr.com\/index.php?rest_route=\/wp\/v2\/posts\/27825\/revisions\/27826"}],"wp:featuredmedia":[{"embeddable":true,"href":"https:\/\/sacramentoqr.com\/index.php?rest_route=\/wp\/v2\/media\/27827"}],"wp:attachment":[{"href":"https:\/\/sacramentoqr.com\/index.php?rest_route=%2Fwp%2Fv2%2Fmedia&parent=27825"}],"wp:term":[{"taxonomy":"category","embeddable":true,"href":"https:\/\/sacramentoqr.com\/index.php?rest_route=%2Fwp%2Fv2%2Fcategories&post=27825"},{"taxonomy":"post_tag","embeddable":true,"href":"https:\/\/sacramentoqr.com\/index.php?rest_route=%2Fwp%2Fv2%2Ftags&post=27825"}],"curies":[{"name":"wp","href":"https:\/\/api.w.org\/{rel}","templated":true}]}}