{"id":27893,"date":"2025-02-01T16:31:30","date_gmt":"2025-02-01T21:31:30","guid":{"rendered":"https:\/\/sacramentoqr.com\/?p=27893"},"modified":"2025-02-01T21:31:31","modified_gmt":"2025-02-01T21:31:31","slug":"como-afectaran-a-los-mexicanos-los-aranceles-impuestos-por-estados-unidos-los-productos-que-se-encareceran","status":"publish","type":"post","link":"https:\/\/sacramentoqr.com\/?p=27893","title":{"rendered":"C\u00f3mo afectar\u00e1n a los mexicanos los aranceles impuestos por Estados Unidos: los productos que se encarecer\u00e1n"},"content":{"rendered":"<p>\ud83d\udd38 El especialista de la UNAM, Jos\u00e9 Ignacio Mart\u00ednez Cort\u00e9s, explic\u00f3 los sectores que ser\u00e1n afectados.<\/p>\n<p>#INTERNACIONAL | Donald Trump firm\u00f3 el pasado viernes 31 de enero la orden ejecutiva que establece la imposici\u00f3n de aranceles del 25% a M\u00e9xico y Canad\u00e1. Ante esta decisi\u00f3n, la econom\u00eda mexicana se podr\u00e1 ver afectada en diversos sectores de manera inmediata y a largo plazo.<\/p>\n<p>El especialista en Econom\u00eda y Relaciones Internacionales por la Universidad Nacional Aut\u00f3noma de M\u00e9xico (UNAM), Jos\u00e9 Ignacio Mart\u00ednez Cort\u00e9s, detall\u00f3 que la imposici\u00f3n de aranceles a los productos mexicanos que se exportan a Estados Unidos podr\u00eda atraer diversas afectaciones al pa\u00eds, como lo es el desempleo.<\/p>\n<p>Debido a que M\u00e9xico exporta mayoritariamente productos agr\u00edcolas, ganaderos, forestales y otros recursos naturales (agroindustriales) a Estados Unidos, la imposici\u00f3n de aranceles podr\u00eda afectar de manera directa la creaci\u00f3n de empleo debido a que se trata de una actividad primaria que los genera para la alimentaci\u00f3n.<\/p>\n<p>El especialista destac\u00f3 que M\u00e9xico se enfrentar\u00e1 a dos efectos inmediatos que impactar\u00e1n a la industria, los empleos y el consumo privado.<\/p>\n<p>\u201cM\u00e9xico tiene que contemplar que tendr\u00edamos dos efectos inmediatos: un posible paro t\u00e9cnico en la producci\u00f3n debido a que la empresa ya no tendr\u00eda el ritmo de producci\u00f3n que hab\u00eda, y otro es que a ra\u00edz de esto se podr\u00eda generar desempleo y una reducci\u00f3n en el ingreso de los hogares que se reflejar\u00eda en menor consumo privado\u201d, coment\u00f3.<\/p>\n<p>Cabe destacar que Donald Trump anunci\u00f3 que impondr\u00e1 aranceles a M\u00e9xico al petr\u00f3leo y gas, adem\u00e1s se comprometi\u00f3 a incluir el acero, aluminio, productos farmac\u00e9uticos y semiconductores.<\/p>\n<p>Al respecto, Mart\u00ednez Cort\u00e9s detall\u00f3 que el aumento de aranceles en el petr\u00f3leo podr\u00eda afectar la importaci\u00f3n de gasolina, ya que ser\u00eda una de las principales que aumentar\u00eda su costo para los consumidores por la volatilidad del peso frente al d\u00f3lar.<\/p>\n<p>El especialista, coordinador del Centro de Relaciones Internacionales (LACEN) tambi\u00e9n coment\u00f3 que los productos importados podr\u00edan sufrir cambios derivado del aumento del tipo de cambio, ya que se espera que aumente el precio del d\u00f3lar.<\/p>\n<p>\u201cSi se establecen estos aranceles tendr\u00edamos de por si ya un aumento en el tipo de cambio e inflaci\u00f3n\u201d.<\/p>\n<p>Adem\u00e1s, el especialista coment\u00f3 que el Plan M\u00e9xico que establece como meta posicionar la econom\u00eda mexicana en 2030 como la d\u00e9cima en el mundo, con una inversi\u00f3n del 25% superior del PIB, no podr\u00eda lograrse debido a que necesita crecer por lo menor un 6% anual.<\/p>\n<p>\u201cEsto que hab\u00eda planteado el gobierno en torno al Plan M\u00e9xico de establecer al pa\u00eds en 2030 dentro de las diez principales econom\u00edas del mundo, s\u00ed ser\u00eda trastocado porque M\u00e9xico deber\u00eda crecer por lo menos en un orden de 6% anual para llegar a cumplir esa meta, lo cual s\u00ed estar\u00eda totalmente lejos de ser\u201d.<\/p>\n<p>Mart\u00ednez Cort\u00e9s mencion\u00f3 que los productos importados que tambi\u00e9n podr\u00edan aumentar su precio son los l\u00e1cteos, el calzado y el vestido.<\/p>\n<p>Finalmente, respecto a los semiconductores, el tambi\u00e9n doctor en econom\u00eda por la Universidad Complutense de Madrid, detall\u00f3 que hay insumos que provienen de China, lo cual podr\u00eda llevar al pa\u00eds a limitar la compra de \u00e9stos y afectar la industria de electrodom\u00e9sticos y telecomunicaciones.<\/p>\n<p>La imposici\u00f3n de aranceles por parte de Donald Trump se realiza debido a que el mandatario estadounidense sostiene que M\u00e9xico y Canad\u00e1 han permitido la entrada de fentanilo al pa\u00eds.<\/p>\n","protected":false},"excerpt":{"rendered":"<p>\ud83d\udd38 El especialista de la UNAM, Jos\u00e9 Ignacio Mart\u00ednez Cort\u00e9s, explic\u00f3 los sectores que ser\u00e1n&#8230;<\/p>\n","protected":false},"author":1,"featured_media":27895,"comment_status":"open","ping_status":"closed","sticky":false,"template":"","format":"standard","meta":{"footnotes":""},"categories":[5],"tags":[],"class_list":["post-27893","post","type-post","status-publish","format-standard","has-post-thumbnail","hentry","category-internacional"],"_links":{"self":[{"href":"https:\/\/sacramentoqr.com\/index.php?rest_route=\/wp\/v2\/posts\/27893","targetHints":{"allow":["GET"]}}],"collection":[{"href":"https:\/\/sacramentoqr.com\/index.php?rest_route=\/wp\/v2\/posts"}],"about":[{"href":"https:\/\/sacramentoqr.com\/index.php?rest_route=\/wp\/v2\/types\/post"}],"author":[{"embeddable":true,"href":"https:\/\/sacramentoqr.com\/index.php?rest_route=\/wp\/v2\/users\/1"}],"replies":[{"embeddable":true,"href":"https:\/\/sacramentoqr.com\/index.php?rest_route=%2Fwp%2Fv2%2Fcomments&post=27893"}],"version-history":[{"count":1,"href":"https:\/\/sacramentoqr.com\/index.php?rest_route=\/wp\/v2\/posts\/27893\/revisions"}],"predecessor-version":[{"id":27894,"href":"https:\/\/sacramentoqr.com\/index.php?rest_route=\/wp\/v2\/posts\/27893\/revisions\/27894"}],"wp:featuredmedia":[{"embeddable":true,"href":"https:\/\/sacramentoqr.com\/index.php?rest_route=\/wp\/v2\/media\/27895"}],"wp:attachment":[{"href":"https:\/\/sacramentoqr.com\/index.php?rest_route=%2Fwp%2Fv2%2Fmedia&parent=27893"}],"wp:term":[{"taxonomy":"category","embeddable":true,"href":"https:\/\/sacramentoqr.com\/index.php?rest_route=%2Fwp%2Fv2%2Fcategories&post=27893"},{"taxonomy":"post_tag","embeddable":true,"href":"https:\/\/sacramentoqr.com\/index.php?rest_route=%2Fwp%2Fv2%2Ftags&post=27893"}],"curies":[{"name":"wp","href":"https:\/\/api.w.org\/{rel}","templated":true}]}}