{"id":27940,"date":"2025-02-04T11:12:41","date_gmt":"2025-02-04T16:12:41","guid":{"rendered":"https:\/\/sacramentoqr.com\/?p=27940"},"modified":"2025-02-04T16:12:43","modified_gmt":"2025-02-04T16:12:43","slug":"ricardo-monreal-respalda-a-claudia-sheinbaum-por-acuerdo-con-trump-mexico-esta-en-buenas-manos","status":"publish","type":"post","link":"https:\/\/sacramentoqr.com\/?p=27940","title":{"rendered":"Ricardo Monreal respalda a Claudia Sheinbaum por acuerdo con Trump: \u00abM\u00e9xico est\u00e1 en buenas manos\u00bb"},"content":{"rendered":"<p>\ud83d\udd38 El coordinador de Morena en la C\u00e1mara de Diputados destac\u00f3 el liderazgo de la presidenta Sheinbaum tras el anuncio de la suspensi\u00f3n temporal de aranceles a productos mexicanos por parte de Estados Unidos<\/p>\n<p>#ESPECT\u00c1CULOS | Ricardo Monreal, coordinador de Morena en la C\u00e1mara de Diputados, expres\u00f3 su firme apoyo a la presidenta Claudia Sheinbaum luego de que el presidente de Estados Unidos, Donald Trump, anunciara que pondr\u00eda en \u201cpausa\u201d por un mes los aranceles del 25 por ciento a productos mexicanos. El acuerdo es resultado de una llamada telef\u00f3nica que la presidenta Sheinbaum sostuvo con Trump la ma\u00f1ana de este lunes.<\/p>\n<p>\u00abConfirmamos que M\u00e9xico est\u00e1 en buenas manos. El liderazgo y actitud firme de la Presidenta\u00bb, destac\u00f3 Monreal, subrayando que el acuerdo es un paso positivo para la naci\u00f3n. Esta postura fue respaldada por Arturo \u00c1vila, vocero de la bancada de Morena en la C\u00e1mara de Diputados, quien agreg\u00f3: \u00abSin duda tenemos Presidenta y mucha\u00bb.<\/p>\n<p>El l\u00edder legislativo tambi\u00e9n destac\u00f3 que el respaldo del Congreso a la presidenta Sheinbaum es rotundo. \u00abNos situamos en mejores horizontes futuros, y la mayor\u00eda legislativa le ratifica su respaldo. El acuerdo con el presidente Trump es correcto. Nuestra naci\u00f3n es libre y soberana\u00bb, afirm\u00f3 Monreal.<\/p>\n<p>Monreal, quien tambi\u00e9n preside la Junta de Coordinaci\u00f3n Pol\u00edtica de la C\u00e1mara de Diputados, record\u00f3 la importancia de la unidad frente a presiones externas y reiter\u00f3 que el gobierno mexicano no tolerar\u00e1 abusos. \u00abEs un mensaje para el gobierno de Estados Unidos de que la presidenta tiene mucho pueblo y de que no vamos a admitir atropellos ni abusos en contra de nuestra naci\u00f3n\u00bb, dijo en entrevista posterior en el recinto legislativo de San L\u00e1zaro.<\/p>\n","protected":false},"excerpt":{"rendered":"<p>\ud83d\udd38 El coordinador de Morena en la C\u00e1mara de Diputados destac\u00f3 el liderazgo de la&#8230;<\/p>\n","protected":false},"author":1,"featured_media":27942,"comment_status":"open","ping_status":"closed","sticky":false,"template":"","format":"standard","meta":{"footnotes":""},"categories":[4],"tags":[],"class_list":["post-27940","post","type-post","status-publish","format-standard","has-post-thumbnail","hentry","category-espectaculos"],"_links":{"self":[{"href":"https:\/\/sacramentoqr.com\/index.php?rest_route=\/wp\/v2\/posts\/27940","targetHints":{"allow":["GET"]}}],"collection":[{"href":"https:\/\/sacramentoqr.com\/index.php?rest_route=\/wp\/v2\/posts"}],"about":[{"href":"https:\/\/sacramentoqr.com\/index.php?rest_route=\/wp\/v2\/types\/post"}],"author":[{"embeddable":true,"href":"https:\/\/sacramentoqr.com\/index.php?rest_route=\/wp\/v2\/users\/1"}],"replies":[{"embeddable":true,"href":"https:\/\/sacramentoqr.com\/index.php?rest_route=%2Fwp%2Fv2%2Fcomments&post=27940"}],"version-history":[{"count":1,"href":"https:\/\/sacramentoqr.com\/index.php?rest_route=\/wp\/v2\/posts\/27940\/revisions"}],"predecessor-version":[{"id":27941,"href":"https:\/\/sacramentoqr.com\/index.php?rest_route=\/wp\/v2\/posts\/27940\/revisions\/27941"}],"wp:featuredmedia":[{"embeddable":true,"href":"https:\/\/sacramentoqr.com\/index.php?rest_route=\/wp\/v2\/media\/27942"}],"wp:attachment":[{"href":"https:\/\/sacramentoqr.com\/index.php?rest_route=%2Fwp%2Fv2%2Fmedia&parent=27940"}],"wp:term":[{"taxonomy":"category","embeddable":true,"href":"https:\/\/sacramentoqr.com\/index.php?rest_route=%2Fwp%2Fv2%2Fcategories&post=27940"},{"taxonomy":"post_tag","embeddable":true,"href":"https:\/\/sacramentoqr.com\/index.php?rest_route=%2Fwp%2Fv2%2Ftags&post=27940"}],"curies":[{"name":"wp","href":"https:\/\/api.w.org\/{rel}","templated":true}]}}