{"id":27963,"date":"2025-02-05T11:19:02","date_gmt":"2025-02-05T16:19:02","guid":{"rendered":"https:\/\/sacramentoqr.com\/?p=27963"},"modified":"2025-02-05T16:19:03","modified_gmt":"2025-02-05T16:19:03","slug":"cuauhtemoc-ochoa-apoya-la-propuesta-de-sheinbaum-para-fortalecer-la-autonomia-del-banco-de-mexico","status":"publish","type":"post","link":"https:\/\/sacramentoqr.com\/?p=27963","title":{"rendered":"Cuauht\u00e9moc Ochoa apoya la propuesta de Sheinbaum para fortalecer la autonom\u00eda del Banco de M\u00e9xico"},"content":{"rendered":"<p>\ud83d\udd38 El senador respald\u00f3 la integraci\u00f3n del Dr. Jos\u00e9 Gabriel Cuadra Garc\u00eda a la Junta de Gobierno de Banxico por su amplia experiencia financiera<\/p>\n<p>#HIDALGO | Desde su posici\u00f3n en la Comisi\u00f3n de Hacienda y Cr\u00e9dito P\u00fablico del Senado de la Rep\u00fablica, Cuauht\u00e9moc Ochoa, senador por Hidalgo, reiter\u00f3 su compromiso con la autonom\u00eda del Banco de M\u00e9xico (Banxico) y respald\u00f3 la propuesta de Claudia Sheinbaum Pardo para integrar al Dr. Jos\u00e9 Gabriel Cuadra Garc\u00eda a la Junta de Gobierno de la instituci\u00f3n.<\/p>\n<p>Ochoa subray\u00f3 que esta propuesta refuerza la estabilidad financiera del pa\u00eds, destacando la importancia de contar con un profesional de la talla de Cuadra Garc\u00eda para aportar su experiencia y conocimiento en momentos clave para la econom\u00eda nacional. La integraci\u00f3n de Cuadra, seg\u00fan el senador, garantizar\u00eda un enfoque t\u00e9cnico y responsable en las decisiones que impactan el futuro econ\u00f3mico de M\u00e9xico.<\/p>\n<p>\u201cLa autonom\u00eda del Banco de M\u00e9xico es esencial para mantener la confianza en nuestra econom\u00eda. Con la propuesta de la presidenta Sheinbaum, continuamos fortaleciendo nuestras instituciones y garantizando su independencia\u201d, expres\u00f3 Ochoa.<\/p>\n<p>En su mensaje, el senador concluy\u00f3 que la propuesta es un paso firme en la consolidaci\u00f3n de una pol\u00edtica econ\u00f3mica que impulse el bienestar de la naci\u00f3n, reafirmando que el Partido Verde sigue comprometido con la transformaci\u00f3n del pa\u00eds. \u201cCon responsabilidad y visi\u00f3n de futuro, seguimos avanzando hacia un M\u00e9xico m\u00e1s estable y pr\u00f3spero\u201d, a\u00f1adi\u00f3.<\/p>\n","protected":false},"excerpt":{"rendered":"<p>\ud83d\udd38 El senador respald\u00f3 la integraci\u00f3n del Dr. Jos\u00e9 Gabriel Cuadra Garc\u00eda a la Junta&#8230;<\/p>\n","protected":false},"author":1,"featured_media":27965,"comment_status":"open","ping_status":"closed","sticky":false,"template":"","format":"standard","meta":{"footnotes":""},"categories":[28],"tags":[],"class_list":["post-27963","post","type-post","status-publish","format-standard","has-post-thumbnail","hentry","category-hidalgo"],"_links":{"self":[{"href":"https:\/\/sacramentoqr.com\/index.php?rest_route=\/wp\/v2\/posts\/27963","targetHints":{"allow":["GET"]}}],"collection":[{"href":"https:\/\/sacramentoqr.com\/index.php?rest_route=\/wp\/v2\/posts"}],"about":[{"href":"https:\/\/sacramentoqr.com\/index.php?rest_route=\/wp\/v2\/types\/post"}],"author":[{"embeddable":true,"href":"https:\/\/sacramentoqr.com\/index.php?rest_route=\/wp\/v2\/users\/1"}],"replies":[{"embeddable":true,"href":"https:\/\/sacramentoqr.com\/index.php?rest_route=%2Fwp%2Fv2%2Fcomments&post=27963"}],"version-history":[{"count":1,"href":"https:\/\/sacramentoqr.com\/index.php?rest_route=\/wp\/v2\/posts\/27963\/revisions"}],"predecessor-version":[{"id":27964,"href":"https:\/\/sacramentoqr.com\/index.php?rest_route=\/wp\/v2\/posts\/27963\/revisions\/27964"}],"wp:featuredmedia":[{"embeddable":true,"href":"https:\/\/sacramentoqr.com\/index.php?rest_route=\/wp\/v2\/media\/27965"}],"wp:attachment":[{"href":"https:\/\/sacramentoqr.com\/index.php?rest_route=%2Fwp%2Fv2%2Fmedia&parent=27963"}],"wp:term":[{"taxonomy":"category","embeddable":true,"href":"https:\/\/sacramentoqr.com\/index.php?rest_route=%2Fwp%2Fv2%2Fcategories&post=27963"},{"taxonomy":"post_tag","embeddable":true,"href":"https:\/\/sacramentoqr.com\/index.php?rest_route=%2Fwp%2Fv2%2Ftags&post=27963"}],"curies":[{"name":"wp","href":"https:\/\/api.w.org\/{rel}","templated":true}]}}