{"id":28015,"date":"2025-02-11T09:39:44","date_gmt":"2025-02-11T14:39:44","guid":{"rendered":"https:\/\/sacramentoqr.com\/?p=28015"},"modified":"2025-02-11T14:39:46","modified_gmt":"2025-02-11T14:39:46","slug":"netflix-inicia-produccion-de-la-segunda-parte-de-cien-anos-de-soledad","status":"publish","type":"post","link":"https:\/\/sacramentoqr.com\/?p=28015","title":{"rendered":"Netflix inicia producci\u00f3n de la segunda parte de \u2018Cien a\u00f1os de soledad\u2019"},"content":{"rendered":"<p>\ud83d\udd38 El cineasta Carlos Moreno se une a la secuela para llevar a buen puerto la conclusi\u00f3n de la historia de los Buend\u00eda\u201d<\/p>\n<p>#ESPECT\u00c1CULOS | Netflix ya est\u00e1 produciendo la segunda parte de \u2018Cien a\u00f1os de soledad\u2018, la serie basada en la obra maestra de Gabriel Garc\u00eda M\u00e1rquez que estar\u00e1 dirigida por los colombianos Laura Mora, que particip\u00f3 en la primera parte, y Carlos Moreno, reconocido por la pel\u00edcula \u2018Perro come perro\u2019.<\/p>\n<p>\u201cManifiesto mi reconocimiento en el trabajo de Laura Mora, cuyo rigor y pasi\u00f3n por su trabajo han sido fundamentales en esta traves\u00eda, y a quien se le une Carlos Moreno, extraordinario cineasta colombiano, amigo de la casa. Estamos en las mejores manos para llevar a buen puerto la conclusi\u00f3n de la historia de los Buend\u00eda\u201d, expres\u00f3 el vicepresidente de contenido de Netflix para Latinoam\u00e9rica, Francisco Ramos.<\/p>\n<p>Dividida en dos partes de ocho cap\u00edtulos cada una, la primera de las cuales se estren\u00f3 en diciembre y fue un \u00e9xito mundial, la serie cuenta la historia de los primos Jos\u00e9 Arcadio Buend\u00eda y \u00darsula Iguar\u00e1n, que se casan contra la voluntad de sus supersticiosos padres.<\/p>\n<p>Eso desencadena una tragedia que los lleva a irse de su pueblo acompa\u00f1ados de amigos y, meses despu\u00e9s, perdidos entre la sierra y la ci\u00e9naga, acaban fundando el m\u00edtico pueblo de Macondo.<\/p>\n<p>\u201cTras el recibimiento de nuestros miembros y la prensa especializada de todo el mundo, nos llena de orgullo comunicar que la producci\u00f3n de la segunda parte ha dado comienzo\u201d, afirm\u00f3 Ramos, quien agreg\u00f3 que con esta serie rinden un homenaje al nobel de literatura colombiano, al pa\u00eds andino y \u201ca su enorme talento\u201d.<\/p>\n<p>Netflix agreg\u00f3 que en la segunda parte, los actores Marleyda Soto y Claudio Cata\u00f1o seguir\u00e1n interpretando a \u00darsula Iguar\u00e1n y al Coronel Aureliano Buend\u00eda, respectivamente.<\/p>\n<p>A ellos se sumar\u00e1n otros actores como \u00c1ngela Cano, quien interpret\u00f3 a Ushe en \u2018Frontera Verde\u2019; Emmanuel Restrepo, protagonista de la serie \u2018La primera vez\u2019, y Estefan\u00eda Pi\u00f1eres, que particip\u00f3 en \u2018Distrito salvaje\u2019.<\/p>\n<p>Tambi\u00e9n estar\u00e1n de la segunda parte de \u2018Cien a\u00f1os de soledad\u2019 los actores Mar\u00eda Adelaida Puerta, Emiliano Pern\u00eda, Juanita Molina, Laura Taylor, Obeida Benavides, Juli\u00e1n Rom\u00e1n y Carla Baratta, entre otros.<\/p>\n<p>La primera parte de la \u2018Cien a\u00f1os de soledad\u2018 fue grabada en Colombia y filmada en su totalidad en espa\u00f1ol con el apoyo de la familia de Garc\u00eda M\u00e1rquez, especialmente de sus hijos Rodrigo y Gonzalo, que son productores ejecutivos.<\/p>\n<p>La serie es producida para Netflix por Dynamo, compa\u00f1\u00eda reconocida por trabajos como \u2018Narcos\u2019, Distrito Salvaje\u2019, \u2018Falco\u2019, \u2018Historia de un crimen\u2019, \u2018Frontera Verde\u2019, \u2018La cabeza de Joaqu\u00edn Murrieta\u2019, \u2018Malayeraba\u2019 o \u2018Medell\u00edn\u2019, entre otras.<\/p>\n<p>\u2018Cien a\u00f1os de soledad\u2019, que fue publicada en 1967 en Buenos Aires por la Editorial Sudamericana con una tirada inicial de 8 mil ejemplares, est\u00e1 considerada una obra maestra de la literatura universal que ha vendido m\u00e1s de 50 millones de unidades y ha sido traducida a m\u00e1s de 40 idiomas.<\/p>\n","protected":false},"excerpt":{"rendered":"<p>\ud83d\udd38 El cineasta Carlos Moreno se une a la secuela para llevar a buen puerto&#8230;<\/p>\n","protected":false},"author":1,"featured_media":28017,"comment_status":"open","ping_status":"closed","sticky":false,"template":"","format":"standard","meta":{"footnotes":""},"categories":[4],"tags":[],"class_list":["post-28015","post","type-post","status-publish","format-standard","has-post-thumbnail","hentry","category-espectaculos"],"_links":{"self":[{"href":"https:\/\/sacramentoqr.com\/index.php?rest_route=\/wp\/v2\/posts\/28015","targetHints":{"allow":["GET"]}}],"collection":[{"href":"https:\/\/sacramentoqr.com\/index.php?rest_route=\/wp\/v2\/posts"}],"about":[{"href":"https:\/\/sacramentoqr.com\/index.php?rest_route=\/wp\/v2\/types\/post"}],"author":[{"embeddable":true,"href":"https:\/\/sacramentoqr.com\/index.php?rest_route=\/wp\/v2\/users\/1"}],"replies":[{"embeddable":true,"href":"https:\/\/sacramentoqr.com\/index.php?rest_route=%2Fwp%2Fv2%2Fcomments&post=28015"}],"version-history":[{"count":1,"href":"https:\/\/sacramentoqr.com\/index.php?rest_route=\/wp\/v2\/posts\/28015\/revisions"}],"predecessor-version":[{"id":28016,"href":"https:\/\/sacramentoqr.com\/index.php?rest_route=\/wp\/v2\/posts\/28015\/revisions\/28016"}],"wp:featuredmedia":[{"embeddable":true,"href":"https:\/\/sacramentoqr.com\/index.php?rest_route=\/wp\/v2\/media\/28017"}],"wp:attachment":[{"href":"https:\/\/sacramentoqr.com\/index.php?rest_route=%2Fwp%2Fv2%2Fmedia&parent=28015"}],"wp:term":[{"taxonomy":"category","embeddable":true,"href":"https:\/\/sacramentoqr.com\/index.php?rest_route=%2Fwp%2Fv2%2Fcategories&post=28015"},{"taxonomy":"post_tag","embeddable":true,"href":"https:\/\/sacramentoqr.com\/index.php?rest_route=%2Fwp%2Fv2%2Ftags&post=28015"}],"curies":[{"name":"wp","href":"https:\/\/api.w.org\/{rel}","templated":true}]}}