{"id":28061,"date":"2025-02-13T11:00:26","date_gmt":"2025-02-13T16:00:26","guid":{"rendered":"https:\/\/sacramentoqr.com\/?p=28061"},"modified":"2025-02-13T16:00:27","modified_gmt":"2025-02-13T16:00:27","slug":"nissan-contempla-trasladar-produccion-desde-mexico-si-se-confirman-aranceles-de-ee-uu","status":"publish","type":"post","link":"https:\/\/sacramentoqr.com\/?p=28061","title":{"rendered":"Nissan contempla trasladar producci\u00f3n desde M\u00e9xico si se confirman aranceles de EE.UU."},"content":{"rendered":"<p>\ud83d\udd38 La fabricante japonesa exporta unas 320 mil unidades de veh\u00edculos al a\u00f1o desde la Rep\u00fablica mexicana hasta Estados Unidos<\/p>\n<p>#NACIONAL | El fabricante automovil\u00edstico japon\u00e9s Nissan dijo que contempla trasladar su producci\u00f3n en M\u00e9xico a otro lugar si entran en vigor los aranceles del 25 por ciento que el presidente estadounidense, Donald Trump, prometi\u00f3 imponer al pa\u00eds.<\/p>\n<p>Nissan exporta unas 320. mil unidades de veh\u00edculos al a\u00f1o desde M\u00e9xico hasta Estados Unidos.<\/p>\n<p>Si se imponen aranceles altos, tendremos que estar listos y quiz\u00e1 podemos trasladar la producci\u00f3n de estos modelos a otro lugar. Si esa fuera la decisi\u00f3n, pensar\u00edamos en c\u00f3mo hacerlo una realidad mientras monitorizamos la situaci\u00f3n\u201d, dijo hoy el presidente y CEO de la firma nipona, Makoto Uchida, durante una rueda de prensa.<\/p>\n<p>\u201cExportamos un gran volumen a los EE.UU., as\u00ed que, si hay aranceles altos, tendr\u00e1 graves implicaciones en nuestro negocio\u201d, asegur\u00f3 el empresario japon\u00e9s durante la comparecencia ante preguntas de los medios.<\/p>\n<p>El presidente Trump anunci\u00f3 la imposici\u00f3n a partir de febrero de aranceles del 25 por ciento a las importaciones de M\u00e9xico, un gravamen que ha suspendido durante un mes tras llegar a un acuerdo con la presidenta mexicana, Claudia Sheinbaum, y mientras contin\u00faan las negociaciones.<\/p>\n<p>Uchida se refiri\u00f3 a esta cuesti\u00f3n durante la presentaci\u00f3n de los \u00faltimos resultados financieros de Nissan, cuyo beneficio neto se desplom\u00f3 un 98.4 por ciento entre abril y diciembre, primeros nueve meses del ejercicio fiscal de la compa\u00f1\u00eda, que vaticina para la totalidad del a\u00f1o sus primeras p\u00e9rdidas en cuatro a\u00f1os.<\/p>\n<p>Junto a los resultados, Nissan public\u00f3 un plan detallado de su prevista reestructuraci\u00f3n, que incluye un recorte de la producci\u00f3n global de en torno al 20 por ciento, especialmente en China, donde la alta competitividad de las firmas locales le est\u00e1 causando estragos.<\/p>\n<p>El plan incluye, adem\u00e1s, nueve mil despidos que la empresa anunci\u00f3 a finales del a\u00f1o pasado y que ahora detall\u00f3 que afectar\u00e1n a tres plantas, con una reducci\u00f3n de la plantilla en Tailandia y un ajuste de los turnos en sus plantas estadounidenses de Smyrna y Cant\u00f3n, que afectar\u00e1n a seis mil 500 personas entre los ejercicios de 2025 y 2026.<\/p>\n<p>Asimismo, Nissan se\u00f1al\u00f3 que planea recortar unos dos mil 500 empleados indirectos mediante la racionalizaci\u00f3n de las operaciones, la reducci\u00f3n de contrataciones y la aceleraci\u00f3n de los programas de desvinculaci\u00f3n voluntaria, como jubilaciones anticipadas.<\/p>\n<p>El fabricante no mencion\u00f3 en su plan de reestructuraci\u00f3n a sus operaciones en Espa\u00f1a, donde tiene un centro t\u00e9cnico en Barcelona y dos plantas de producci\u00f3n de autopartes en \u00c1vila y Cantabria.<\/p>\n","protected":false},"excerpt":{"rendered":"<p>\ud83d\udd38 La fabricante japonesa exporta unas 320 mil unidades de veh\u00edculos al a\u00f1o desde la&#8230;<\/p>\n","protected":false},"author":1,"featured_media":28063,"comment_status":"open","ping_status":"closed","sticky":false,"template":"","format":"standard","meta":{"footnotes":""},"categories":[7],"tags":[],"class_list":["post-28061","post","type-post","status-publish","format-standard","has-post-thumbnail","hentry","category-nacional"],"_links":{"self":[{"href":"https:\/\/sacramentoqr.com\/index.php?rest_route=\/wp\/v2\/posts\/28061","targetHints":{"allow":["GET"]}}],"collection":[{"href":"https:\/\/sacramentoqr.com\/index.php?rest_route=\/wp\/v2\/posts"}],"about":[{"href":"https:\/\/sacramentoqr.com\/index.php?rest_route=\/wp\/v2\/types\/post"}],"author":[{"embeddable":true,"href":"https:\/\/sacramentoqr.com\/index.php?rest_route=\/wp\/v2\/users\/1"}],"replies":[{"embeddable":true,"href":"https:\/\/sacramentoqr.com\/index.php?rest_route=%2Fwp%2Fv2%2Fcomments&post=28061"}],"version-history":[{"count":1,"href":"https:\/\/sacramentoqr.com\/index.php?rest_route=\/wp\/v2\/posts\/28061\/revisions"}],"predecessor-version":[{"id":28062,"href":"https:\/\/sacramentoqr.com\/index.php?rest_route=\/wp\/v2\/posts\/28061\/revisions\/28062"}],"wp:featuredmedia":[{"embeddable":true,"href":"https:\/\/sacramentoqr.com\/index.php?rest_route=\/wp\/v2\/media\/28063"}],"wp:attachment":[{"href":"https:\/\/sacramentoqr.com\/index.php?rest_route=%2Fwp%2Fv2%2Fmedia&parent=28061"}],"wp:term":[{"taxonomy":"category","embeddable":true,"href":"https:\/\/sacramentoqr.com\/index.php?rest_route=%2Fwp%2Fv2%2Fcategories&post=28061"},{"taxonomy":"post_tag","embeddable":true,"href":"https:\/\/sacramentoqr.com\/index.php?rest_route=%2Fwp%2Fv2%2Ftags&post=28061"}],"curies":[{"name":"wp","href":"https:\/\/api.w.org\/{rel}","templated":true}]}}